{"id":24219,"date":"2025-10-29T11:11:19","date_gmt":"2025-10-29T15:11:19","guid":{"rendered":"https:\/\/entretormentas.com\/?p=24219"},"modified":"2025-10-29T11:11:19","modified_gmt":"2025-10-29T15:11:19","slug":"exitosa-jornada-gobernacion-impulsa-plantacion-de-arboles-en-la-vereda-del-lago-2","status":"publish","type":"post","link":"https:\/\/entretormentas.com\/exitosa-jornada-gobernacion-impulsa-plantacion-de-arboles-en-la-vereda-del-lago-2\/","title":{"rendered":"\u00a1EXITOSA JORNADA! Gobernaci\u00f3n impulsa plantaci\u00f3n de \u00e1rboles en la Vereda del Lago 2"},"content":{"rendered":"\n<p><strong>ENTRE TORMENTAS. <\/strong>La Gobernaci\u00f3n del Zulia, a trav\u00e9s de la Secretar\u00eda de Ambiente y en articulaci\u00f3n con la Misi\u00f3n \u00c1rbol, realiz\u00f3 una jornada de plantaci\u00f3n en la Vereda del Lago 2, en Maracaibo.<\/p>\n\n\n\n<p>La actividad se realiz\u00f3 a prop\u00f3sito del Decreto de Reforestacion de las Cuencas, Subcuencas y Microcuencas del Zulia, del Gobierno regional, en concordancia con el v\u00e9rtice 2 de la Gran Misi\u00f3n Madre.. 698 Tierra Venezuela, \u00abSembrar para la Vida\u00bb.<\/p>\n\n\n\n<p>En la actividad participaron brigadistas ecosocialistas, Partido Verde, la Guardia Ambiental, Polic\u00eda Nacional Bolivariana (PNB) y ambientalistas. Todos se unieron para plantar \u00e1rboles de especies aut\u00f3ctonas, como caro-caro, ceiba y cuj\u00ed contribuyendo a la recuperaci\u00f3n del paisajismo y al fortalecimiento de este espacio de vital importancia de la regi\u00f3n zuliana.<\/p>\n\n\n\n<figure class=\"wp-block-image size-large\"><img fetchpriority=\"high\" decoding=\"async\" width=\"1024\" height=\"768\" src=\"https:\/\/entretormentas.com\/wp-content\/uploads\/2025\/10\/PLANTACION2-1024x768.jpeg\" alt=\"\" class=\"wp-image-24220\" srcset=\"https:\/\/entretormentas.com\/wp-content\/uploads\/2025\/10\/PLANTACION2-1024x768.jpeg 1024w, https:\/\/entretormentas.com\/wp-content\/uploads\/2025\/10\/PLANTACION2-300x225.jpeg 300w, https:\/\/entretormentas.com\/wp-content\/uploads\/2025\/10\/PLANTACION2-768x576.jpeg 768w, https:\/\/entretormentas.com\/wp-content\/uploads\/2025\/10\/PLANTACION2.jpeg 1080w\" sizes=\"(max-width: 1024px) 100vw, 1024px\" \/><\/figure>\n\n\n\n<p>El secretario de Ambiente, Freddy Rodr\u00edguez, resalt\u00f3 el compromiso del Gobierno regional con la protecci\u00f3n del Lago de Maracaibo y sus zonas aleda\u00f1as.<\/p>\n\n\n\n<p>\u00abEstamos cumpliendo con el legado del Comandante Ch\u00e1vez y los lineamientos de nuestro presidente Nicol\u00e1s Maduro, colocando a la Madre Tierra en el centro de nuestra gesti\u00f3n\u00bb, alineados con el v\u00e9rtice 2 de la Gran Misi\u00f3n Madre Tierra Venezuela, destac\u00f3 Rodr\u00edguez.<\/p>\n\n\n\n<p>Estas acciones demuestran el trabajo coordinado de la Gobernaci\u00f3n del Zulia para garantizar la soberan\u00eda ambiental y el bienestar del pueblo zuliano, reafirmando que la batalla por el clima y el ecosistema se gana en el territorio.<br><strong><em>ET \/ Nota de Prensa<\/em><\/strong><\/p>\n","protected":false},"excerpt":{"rendered":"<p>ENTRE TORMENTAS. La Gobernaci\u00f3n del Zulia, a trav\u00e9s de la Secretar\u00eda de Ambiente y en&#8230;<\/p>\n","protected":false},"author":2,"featured_media":24221,"comment_status":"closed","ping_status":"open","sticky":false,"template":"","format":"standard","meta":{"footnotes":""},"categories":[57,1],"tags":[],"class_list":["post-24219","post","type-post","status-publish","format-standard","has-post-thumbnail","hentry","category-actualidad","category-regionales"],"_links":{"self":[{"href":"https:\/\/entretormentas.com\/index.php?rest_route=\/wp\/v2\/posts\/24219","targetHints":{"allow":["GET"]}}],"collection":[{"href":"https:\/\/entretormentas.com\/index.php?rest_route=\/wp\/v2\/posts"}],"about":[{"href":"https:\/\/entretormentas.com\/index.php?rest_route=\/wp\/v2\/types\/post"}],"author":[{"embeddable":true,"href":"https:\/\/entretormentas.com\/index.php?rest_route=\/wp\/v2\/users\/2"}],"replies":[{"embeddable":true,"href":"https:\/\/entretormentas.com\/index.php?rest_route=%2Fwp%2Fv2%2Fcomments&post=24219"}],"version-history":[{"count":1,"href":"https:\/\/entretormentas.com\/index.php?rest_route=\/wp\/v2\/posts\/24219\/revisions"}],"predecessor-version":[{"id":24222,"href":"https:\/\/entretormentas.com\/index.php?rest_route=\/wp\/v2\/posts\/24219\/revisions\/24222"}],"wp:featuredmedia":[{"embeddable":true,"href":"https:\/\/entretormentas.com\/index.php?rest_route=\/wp\/v2\/media\/24221"}],"wp:attachment":[{"href":"https:\/\/entretormentas.com\/index.php?rest_route=%2Fwp%2Fv2%2Fmedia&parent=24219"}],"wp:term":[{"taxonomy":"category","embeddable":true,"href":"https:\/\/entretormentas.com\/index.php?rest_route=%2Fwp%2Fv2%2Fcategories&post=24219"},{"taxonomy":"post_tag","embeddable":true,"href":"https:\/\/entretormentas.com\/index.php?rest_route=%2Fwp%2Fv2%2Ftags&post=24219"}],"curies":[{"name":"wp","href":"https:\/\/api.w.org\/{rel}","templated":true}]}}