{"id":24334,"date":"2025-10-31T04:03:09","date_gmt":"2025-10-31T08:03:09","guid":{"rendered":"https:\/\/entretormentas.com\/?p=24334"},"modified":"2025-10-31T04:03:10","modified_gmt":"2025-10-31T08:03:10","slug":"en-infantil-y-juvenil-maracaibo-elegira-las-reinas-de-la-feria-de-la-chinita-este-fin-de-semana","status":"publish","type":"post","link":"https:\/\/entretormentas.com\/en-infantil-y-juvenil-maracaibo-elegira-las-reinas-de-la-feria-de-la-chinita-este-fin-de-semana\/","title":{"rendered":"\u00a1EN INFANTIL Y JUVENIL! Maracaibo elegir\u00e1 las Reinas de la Feria de La Chinita este fin de semana"},"content":{"rendered":"\n<p><strong>ENTRE TORMENTAS. <\/strong>Con alegr\u00eda y mucho fervor mariano, Maracaibo elige las Reinas de la 59 Feria Internacional de La Chinita, en sus categor\u00edas infantil y juvenil, en el Teatro Ni\u00f1os Cantores del Zulia.<\/p>\n\n\n\n<p>Este viernes 31, con la animaci\u00f3n de Dariana Alvarado y Ricardo Garc\u00eda, se realizar\u00e1 el certamen de la Reina Infantil, en las categor\u00edas: Baby, infantil y juvenil, para engalanar la Feria de la Chinita; mientras que la elecci\u00f3n de la Reina de la Feria de la Chinita en su categor\u00eda Miss se realizar\u00e1 el 1 de noviembre, con la animaci\u00f3n de Dariana Alvarado y Leonardo Villalobos.<\/p>\n\n\n\n<figure class=\"wp-block-image size-full\"><img fetchpriority=\"high\" decoding=\"async\" width=\"692\" height=\"512\" src=\"https:\/\/entretormentas.com\/wp-content\/uploads\/2025\/10\/eleccion2.jpeg\" alt=\"\" class=\"wp-image-24335\" srcset=\"https:\/\/entretormentas.com\/wp-content\/uploads\/2025\/10\/eleccion2.jpeg 692w, https:\/\/entretormentas.com\/wp-content\/uploads\/2025\/10\/eleccion2-300x222.jpeg 300w\" sizes=\"(max-width: 692px) 100vw, 692px\" \/><\/figure>\n\n\n\n<p>El concurso para optar al Reinado de la 59 Feria Internacional de La Chinita, forma parte de la programaci\u00f3n oficial de esta est\u00e1 festividad, la cual es organizada por el Gobierno nacional en coordinaci\u00f3n con la Gobernaci\u00f3n del estado Zulia, la Alcald\u00eda de Maracaibo y el Comit\u00e9 de Feria, para promover la cultura y la preservaci\u00f3n de las tradiciones zulianas.<\/p>\n\n\n\n<p><strong>ACTUACIONES MUSICALES<\/strong><br>Este fastuoso evento incluir\u00e1 las presentaciones musicales de: Alma El Musical, Somos Pequis, Pim Pum Party, Enio y Jos\u00e9 Ignacio, La Melod\u00eda Perfecta, Alitasia, Junior Diaz, Mabel, Las Chicas del Can y Mery Tu Loba.<br><em><strong>ET \/ Prensa Alcald\u00eda de Maracaibo<\/strong><\/em><\/p>\n","protected":false},"excerpt":{"rendered":"<p>ENTRE TORMENTAS. Con alegr\u00eda y mucho fervor mariano, Maracaibo elige las Reinas de la 59&#8230;<\/p>\n","protected":false},"author":2,"featured_media":24336,"comment_status":"closed","ping_status":"open","sticky":false,"template":"","format":"standard","meta":{"footnotes":""},"categories":[57,54],"tags":[],"class_list":["post-24334","post","type-post","status-publish","format-standard","has-post-thumbnail","hentry","category-actualidad","category-espectaculos"],"_links":{"self":[{"href":"https:\/\/entretormentas.com\/index.php?rest_route=\/wp\/v2\/posts\/24334","targetHints":{"allow":["GET"]}}],"collection":[{"href":"https:\/\/entretormentas.com\/index.php?rest_route=\/wp\/v2\/posts"}],"about":[{"href":"https:\/\/entretormentas.com\/index.php?rest_route=\/wp\/v2\/types\/post"}],"author":[{"embeddable":true,"href":"https:\/\/entretormentas.com\/index.php?rest_route=\/wp\/v2\/users\/2"}],"replies":[{"embeddable":true,"href":"https:\/\/entretormentas.com\/index.php?rest_route=%2Fwp%2Fv2%2Fcomments&post=24334"}],"version-history":[{"count":1,"href":"https:\/\/entretormentas.com\/index.php?rest_route=\/wp\/v2\/posts\/24334\/revisions"}],"predecessor-version":[{"id":24337,"href":"https:\/\/entretormentas.com\/index.php?rest_route=\/wp\/v2\/posts\/24334\/revisions\/24337"}],"wp:featuredmedia":[{"embeddable":true,"href":"https:\/\/entretormentas.com\/index.php?rest_route=\/wp\/v2\/media\/24336"}],"wp:attachment":[{"href":"https:\/\/entretormentas.com\/index.php?rest_route=%2Fwp%2Fv2%2Fmedia&parent=24334"}],"wp:term":[{"taxonomy":"category","embeddable":true,"href":"https:\/\/entretormentas.com\/index.php?rest_route=%2Fwp%2Fv2%2Fcategories&post=24334"},{"taxonomy":"post_tag","embeddable":true,"href":"https:\/\/entretormentas.com\/index.php?rest_route=%2Fwp%2Fv2%2Ftags&post=24334"}],"curies":[{"name":"wp","href":"https:\/\/api.w.org\/{rel}","templated":true}]}}