{"id":24347,"date":"2025-10-31T04:15:48","date_gmt":"2025-10-31T08:15:48","guid":{"rendered":"https:\/\/entretormentas.com\/?p=24347"},"modified":"2025-10-31T04:15:49","modified_gmt":"2025-10-31T08:15:49","slug":"celebracion-gobernador-caldera-destaca-logros-hidricos-tras-cumplirse-35-anos-de-hidrolago","status":"publish","type":"post","link":"https:\/\/entretormentas.com\/celebracion-gobernador-caldera-destaca-logros-hidricos-tras-cumplirse-35-anos-de-hidrolago\/","title":{"rendered":"\u00a1CELEBRACI\u00d3N! Gobernador Caldera destaca logros h\u00eddricos tras cumplirse 35 a\u00f1os de Hidrolago"},"content":{"rendered":"\n<p><strong>ENTRE TORMENTAS. <\/strong>El acto de celebraci\u00f3n de los 35 a\u00f1os de la Hidrol\u00f3gica del Lago (Hidrolago), sirvi\u00f3 de escenario para que el gobernador Luis Caldera destacara los logros en el \u00e1rea h\u00eddrica en el estado, gracias al esfuerzo conjunto entre la Gobernaci\u00f3n Bolivariana del Zulia y el Gobierno Nacional a trav\u00e9s del Ministerio del Poder Popular para las Aguas.<\/p>\n\n\n\n<p>El mandatario zuliano afirm\u00f3 que la instituci\u00f3n se encuentra en sus mejores momentos y que la gesti\u00f3n h\u00eddrica en la regi\u00f3n, conducida con una alta capacidad gerencial, est\u00e1 alineada con el Plan de la Patria y las transformaciones del pa\u00eds.<\/p>\n\n\n\n<p>Destac\u00f3 que el derecho al agua potable y al saneamiento, garantizado por la Constituci\u00f3n Bolivariana y por los presidentes Hugo Ch\u00e1vez y Nicol\u00e1s Maduro, es ejecutado por un cuerpo laboral de m\u00e1s de mil 600 hombres y mujeres desplegados en la entidad, que en un trabajo articulado y comprometido puede mostrar logros operativos.<\/p>\n\n\n\n<p>Entre ellos, precis\u00f3 el gobernador, el suministro de m\u00e1s de 17 mil litros de agua por segundo a Maracaibo y seis municipios, al tiempo que se garantiza el funcionamiento de los sistemas en la Costa Oriental y el Sur del Lago.<\/p>\n\n\n\n<figure class=\"wp-block-image size-large\"><img fetchpriority=\"high\" decoding=\"async\" width=\"1024\" height=\"768\" src=\"https:\/\/entretormentas.com\/wp-content\/uploads\/2025\/10\/hidromalo3-1024x768.jpeg\" alt=\"\" class=\"wp-image-24348\" srcset=\"https:\/\/entretormentas.com\/wp-content\/uploads\/2025\/10\/hidromalo3-1024x768.jpeg 1024w, https:\/\/entretormentas.com\/wp-content\/uploads\/2025\/10\/hidromalo3-300x225.jpeg 300w, https:\/\/entretormentas.com\/wp-content\/uploads\/2025\/10\/hidromalo3-768x576.jpeg 768w, https:\/\/entretormentas.com\/wp-content\/uploads\/2025\/10\/hidromalo3.jpeg 1280w\" sizes=\"(max-width: 1024px) 100vw, 1024px\" \/><\/figure>\n\n\n\n<p>Hizo \u00e9nfasis en la nueva etapa de la Revoluci\u00f3n Bolivariana, centrada en el poder popular: \u00abEstamos acompa\u00f1ando los proyectos de las comunas, de las Brigadas Populares de las Aguas, en materia de sustituci\u00f3n de tuber\u00eda, de construcci\u00f3n de acueductos, es decir, el Buen Vivir.\u00bb<\/p>\n\n\n\n<p>El gobernador proyect\u00f3 la visi\u00f3n a futuro, al asegurar que, tras cerrar el 2025 como un \u00aba\u00f1o de victoria, de soberan\u00eda y de paz\u00bb, en el 2026 se continuar\u00e1 ampliando la cobertura y garantizando que \u00abel pueblo siga siendo gobierno para el agua en los territorios.\u00bb<\/p>\n\n\n\n<p>Por su parte, el presidente de la hidrol\u00f3gica zuliana, Miguel Perozo, dedic\u00f3 el aniversario a la \u201cfuerza trabajadora del agua del Zulia\u201d, a quienes calific\u00f3 como los verdaderos protagonistas en la garant\u00eda de un servicio de calidad.<br>\u00abEs un equipo del mejor del pa\u00eds. Un equipo donde el compromiso, la disciplina y la capacidad t\u00e9cnica y operativa, es de los mejores, para m\u00ed, el mejor en el pa\u00eds\u00bb, afirm\u00f3 Perozo, quien tambi\u00e9n reconoci\u00f3 la labor del presidente Nicol\u00e1s Maduro, el ministro Carlos Mats y el gobernador Luis Caldera como conductores de victoria.<\/p>\n\n\n\n<p>Al destacar la entrega de m\u00e1s de 600 condecoraciones a trabajadores por a\u00f1os de servicio, Perozo expuso que estos estuvieron en condici\u00f3n de tercerizados y que gracias a la Revoluci\u00f3n Bolivariana \u201choy son parte de la familia, recibiendo todos los beneficios\u201d.<br><strong><em>ET \/ Nota de Prensa<\/em><\/strong><\/p>\n","protected":false},"excerpt":{"rendered":"<p>ENTRE TORMENTAS. El acto de celebraci\u00f3n de los 35 a\u00f1os de la Hidrol\u00f3gica del Lago&#8230;<\/p>\n","protected":false},"author":2,"featured_media":24349,"comment_status":"closed","ping_status":"open","sticky":false,"template":"","format":"standard","meta":{"footnotes":""},"categories":[57,1],"tags":[],"class_list":["post-24347","post","type-post","status-publish","format-standard","has-post-thumbnail","hentry","category-actualidad","category-regionales"],"_links":{"self":[{"href":"https:\/\/entretormentas.com\/index.php?rest_route=\/wp\/v2\/posts\/24347","targetHints":{"allow":["GET"]}}],"collection":[{"href":"https:\/\/entretormentas.com\/index.php?rest_route=\/wp\/v2\/posts"}],"about":[{"href":"https:\/\/entretormentas.com\/index.php?rest_route=\/wp\/v2\/types\/post"}],"author":[{"embeddable":true,"href":"https:\/\/entretormentas.com\/index.php?rest_route=\/wp\/v2\/users\/2"}],"replies":[{"embeddable":true,"href":"https:\/\/entretormentas.com\/index.php?rest_route=%2Fwp%2Fv2%2Fcomments&post=24347"}],"version-history":[{"count":1,"href":"https:\/\/entretormentas.com\/index.php?rest_route=\/wp\/v2\/posts\/24347\/revisions"}],"predecessor-version":[{"id":24350,"href":"https:\/\/entretormentas.com\/index.php?rest_route=\/wp\/v2\/posts\/24347\/revisions\/24350"}],"wp:featuredmedia":[{"embeddable":true,"href":"https:\/\/entretormentas.com\/index.php?rest_route=\/wp\/v2\/media\/24349"}],"wp:attachment":[{"href":"https:\/\/entretormentas.com\/index.php?rest_route=%2Fwp%2Fv2%2Fmedia&parent=24347"}],"wp:term":[{"taxonomy":"category","embeddable":true,"href":"https:\/\/entretormentas.com\/index.php?rest_route=%2Fwp%2Fv2%2Fcategories&post=24347"},{"taxonomy":"post_tag","embeddable":true,"href":"https:\/\/entretormentas.com\/index.php?rest_route=%2Fwp%2Fv2%2Ftags&post=24347"}],"curies":[{"name":"wp","href":"https:\/\/api.w.org\/{rel}","templated":true}]}}