{"id":2977,"date":"2024-05-30T10:07:55","date_gmt":"2024-05-30T08:07:55","guid":{"rendered":"https:\/\/entretormentas.com\/?p=2977"},"modified":"2024-05-30T10:08:34","modified_gmt":"2024-05-30T08:08:34","slug":"seguridad-vial-san-francisco-instala-postes-para-alumbrado-publico-en-la-via-a-perija","status":"publish","type":"post","link":"https:\/\/entretormentas.com\/seguridad-vial-san-francisco-instala-postes-para-alumbrado-publico-en-la-via-a-perija\/","title":{"rendered":"\u00a1SEGURIDAD VIAL! San Francisco instala postes para alumbrado p\u00fablico en la v\u00eda a Perij\u00e1"},"content":{"rendered":"\n<p><strong>ENTRE TORMENTAS.<\/strong> La Alcald\u00eda de San Francisco vela a diario por mejorar la seguridad vial y la calidad de vida de los ciudadanos. Bajo la direcci\u00f3n del alcalde, Gustavo Fern\u00e1ndez, en colaboraci\u00f3n con las gerencias de Operaciones, Infraestructura y la direcci\u00f3n de Servicios P\u00fablicos, se inici\u00f3 la instalaci\u00f3n de los postes para el alumbrado p\u00fablico en la avenida 50 troncal 6, v\u00eda a Perij\u00e1.<\/p>\n\n\n\n<figure class=\"wp-block-image size-large\"><img fetchpriority=\"high\" decoding=\"async\" width=\"1024\" height=\"683\" src=\"https:\/\/entretormentas.com\/wp-content\/uploads\/2024\/05\/postes2-1024x683.jpg\" alt=\"\" class=\"wp-image-2978\" srcset=\"https:\/\/entretormentas.com\/wp-content\/uploads\/2024\/05\/postes2-1024x683.jpg 1024w, https:\/\/entretormentas.com\/wp-content\/uploads\/2024\/05\/postes2-300x200.jpg 300w, https:\/\/entretormentas.com\/wp-content\/uploads\/2024\/05\/postes2-768x512.jpg 768w, https:\/\/entretormentas.com\/wp-content\/uploads\/2024\/05\/postes2.jpg 1280w\" sizes=\"(max-width: 1024px) 100vw, 1024px\" \/><\/figure>\n\n\n\n<p>Este proyecto de iluminaci\u00f3n forma parte del Plan integral de Recuperaci\u00f3n Vial 2024, el cual contempla reasfaltado, pintura de aceras, brocales y demarcaci\u00f3n abarcando un tramo de 6 kil\u00f3metros, que incluye la colocaci\u00f3n de un total de 57 postes de 10 metros de altura, doble espiga en la isla central.<\/p>\n\n\n\n<p>Se tiene previsto adem\u00e1s la recuperaci\u00f3n de la iluminaci\u00f3n de los postes laterales en ambos sentidos con l\u00e1mparas LED de 200 watts, lo que contribuir\u00e1 a mejorar la visibilidad de los conductores que circulan por esta transitada v\u00eda.<\/p>\n\n\n\n<p>Con el compromiso de construir un municipio m\u00e1s iluminado y seguro, el equipo t\u00e9cnico y operativo del ayuntamiento municipal trabaja sin descanso, para garantizar la seguridad vial y peatonal de todos los habitantes de San Francisco.<\/p>\n\n\n\n<p>Este avance en materia de infraestructura, es parte de la visi\u00f3n de la administraci\u00f3n municipal, en aras de mejorar la calidad de vida de sus ciudadanos y promover un entorno m\u00e1s eficiente para una adecuada movilidad por las calles y avenidas de la entidad sure\u00f1a, contribuyendo con la planificaci\u00f3n urban\u00edstica de la ciudad.<br><strong><em>GS \/ Alcald\u00eda de San Francisco<\/em><\/strong><\/p>\n","protected":false},"excerpt":{"rendered":"<p>ENTRE TORMENTAS. La Alcald\u00eda de San Francisco vela a diario por mejorar la seguridad vial&#8230;<\/p>\n","protected":false},"author":2,"featured_media":2979,"comment_status":"closed","ping_status":"open","sticky":false,"template":"","format":"standard","meta":{"footnotes":""},"categories":[57,1],"tags":[],"class_list":["post-2977","post","type-post","status-publish","format-standard","has-post-thumbnail","hentry","category-actualidad","category-regionales"],"_links":{"self":[{"href":"https:\/\/entretormentas.com\/index.php?rest_route=\/wp\/v2\/posts\/2977","targetHints":{"allow":["GET"]}}],"collection":[{"href":"https:\/\/entretormentas.com\/index.php?rest_route=\/wp\/v2\/posts"}],"about":[{"href":"https:\/\/entretormentas.com\/index.php?rest_route=\/wp\/v2\/types\/post"}],"author":[{"embeddable":true,"href":"https:\/\/entretormentas.com\/index.php?rest_route=\/wp\/v2\/users\/2"}],"replies":[{"embeddable":true,"href":"https:\/\/entretormentas.com\/index.php?rest_route=%2Fwp%2Fv2%2Fcomments&post=2977"}],"version-history":[{"count":1,"href":"https:\/\/entretormentas.com\/index.php?rest_route=\/wp\/v2\/posts\/2977\/revisions"}],"predecessor-version":[{"id":2980,"href":"https:\/\/entretormentas.com\/index.php?rest_route=\/wp\/v2\/posts\/2977\/revisions\/2980"}],"wp:featuredmedia":[{"embeddable":true,"href":"https:\/\/entretormentas.com\/index.php?rest_route=\/wp\/v2\/media\/2979"}],"wp:attachment":[{"href":"https:\/\/entretormentas.com\/index.php?rest_route=%2Fwp%2Fv2%2Fmedia&parent=2977"}],"wp:term":[{"taxonomy":"category","embeddable":true,"href":"https:\/\/entretormentas.com\/index.php?rest_route=%2Fwp%2Fv2%2Fcategories&post=2977"},{"taxonomy":"post_tag","embeddable":true,"href":"https:\/\/entretormentas.com\/index.php?rest_route=%2Fwp%2Fv2%2Ftags&post=2977"}],"curies":[{"name":"wp","href":"https:\/\/api.w.org\/{rel}","templated":true}]}}