{"id":3129,"date":"2024-06-02T13:34:56","date_gmt":"2024-06-02T11:34:56","guid":{"rendered":"https:\/\/entretormentas.com\/?p=3129"},"modified":"2024-06-02T13:34:57","modified_gmt":"2024-06-02T11:34:57","slug":"2da-visita-de-este-ano-maduro-llega-de-sorpresa-a-maracaibo-y-recorre-las-calles-del-casco-central","status":"publish","type":"post","link":"https:\/\/entretormentas.com\/2da-visita-de-este-ano-maduro-llega-de-sorpresa-a-maracaibo-y-recorre-las-calles-del-casco-central\/","title":{"rendered":"\u00a12DA VISITA DE ESTE A\u00d1O! Maduro llega de sorpresa a Maracaibo y recorre las calles del casco central"},"content":{"rendered":"\n<p><strong>ENTRE TORMENTAS. <\/strong>El presidente de Venezuela y candidato a la reelecci\u00f3n sorprendi\u00f3 al visitar la ciudad de Maracaibo sin anuncio previo, la tarde de este s\u00e1bado 1 de junio. Sin embargo, sus seguidores lo recibieron y llenaron las calles por donde pas\u00f3 el mandatario nacional.<\/p>\n\n\n\n<figure class=\"wp-block-image size-large\"><img fetchpriority=\"high\" decoding=\"async\" width=\"1024\" height=\"577\" src=\"https:\/\/entretormentas.com\/wp-content\/uploads\/2024\/06\/nicomaracaibo1-1024x577.jpg\" alt=\"\" class=\"wp-image-3130\" srcset=\"https:\/\/entretormentas.com\/wp-content\/uploads\/2024\/06\/nicomaracaibo1-1024x577.jpg 1024w, https:\/\/entretormentas.com\/wp-content\/uploads\/2024\/06\/nicomaracaibo1-300x169.jpg 300w, https:\/\/entretormentas.com\/wp-content\/uploads\/2024\/06\/nicomaracaibo1-768x433.jpg 768w, https:\/\/entretormentas.com\/wp-content\/uploads\/2024\/06\/nicomaracaibo1.jpg 1280w\" sizes=\"(max-width: 1024px) 100vw, 1024px\" \/><\/figure>\n\n\n\n<p>Maduro recorri\u00f3 el casco hist\u00f3rico de la capital zuliana, visitando la bas\u00edlica de Nuestra Se\u00f1ora del Rosario de Chiquinquir\u00e1, cuyo recorrido fue transmitido en vivo a trav\u00e9s de sus redes sociales.<\/p>\n\n\n\n<p>A la par, el primer vicepresidente del Partido Socialista de Venezuela (PSUV), Diosdado Cabello, expres\u00f3 su emoci\u00f3n por \u00abel caluroso\u00bb acompa\u00f1amiento y asegur\u00f3 que, con Maduro \u00abla esperanza est\u00e1 en la calle\u00bb.<\/p>\n\n\n\n<p>Es la segunda ocasi\u00f3n que Maduro visita la capital zuliana en lo que va de a\u00f1o, luego de haberlo hecho el pasado 18 de marzo, cuando inaugur\u00f3 la primera etapa del Parque Monumental Ana Mar\u00eda Campos.<\/p>\n\n\n\n<p>Maduro coment\u00f3 que la regi\u00f3n era de importancia para la victoria en las presidenciales, \u00abporque aqu\u00ed naci\u00f3 Venezuela y lo que elija el Zulia siempre ser\u00e1 decisivo para el destino de nuestra patria\u201d.<br><strong><em>GS \/ Agencias<\/em><\/strong><\/p>\n","protected":false},"excerpt":{"rendered":"<p>ENTRE TORMENTAS. El presidente de Venezuela y candidato a la reelecci\u00f3n sorprendi\u00f3 al visitar la&#8230;<\/p>\n","protected":false},"author":2,"featured_media":3131,"comment_status":"closed","ping_status":"open","sticky":false,"template":"","format":"standard","meta":{"footnotes":""},"categories":[56,49],"tags":[],"class_list":["post-3129","post","type-post","status-publish","format-standard","has-post-thumbnail","hentry","category-destacadas","category-nacionales"],"_links":{"self":[{"href":"https:\/\/entretormentas.com\/index.php?rest_route=\/wp\/v2\/posts\/3129","targetHints":{"allow":["GET"]}}],"collection":[{"href":"https:\/\/entretormentas.com\/index.php?rest_route=\/wp\/v2\/posts"}],"about":[{"href":"https:\/\/entretormentas.com\/index.php?rest_route=\/wp\/v2\/types\/post"}],"author":[{"embeddable":true,"href":"https:\/\/entretormentas.com\/index.php?rest_route=\/wp\/v2\/users\/2"}],"replies":[{"embeddable":true,"href":"https:\/\/entretormentas.com\/index.php?rest_route=%2Fwp%2Fv2%2Fcomments&post=3129"}],"version-history":[{"count":1,"href":"https:\/\/entretormentas.com\/index.php?rest_route=\/wp\/v2\/posts\/3129\/revisions"}],"predecessor-version":[{"id":3132,"href":"https:\/\/entretormentas.com\/index.php?rest_route=\/wp\/v2\/posts\/3129\/revisions\/3132"}],"wp:featuredmedia":[{"embeddable":true,"href":"https:\/\/entretormentas.com\/index.php?rest_route=\/wp\/v2\/media\/3131"}],"wp:attachment":[{"href":"https:\/\/entretormentas.com\/index.php?rest_route=%2Fwp%2Fv2%2Fmedia&parent=3129"}],"wp:term":[{"taxonomy":"category","embeddable":true,"href":"https:\/\/entretormentas.com\/index.php?rest_route=%2Fwp%2Fv2%2Fcategories&post=3129"},{"taxonomy":"post_tag","embeddable":true,"href":"https:\/\/entretormentas.com\/index.php?rest_route=%2Fwp%2Fv2%2Ftags&post=3129"}],"curies":[{"name":"wp","href":"https:\/\/api.w.org\/{rel}","templated":true}]}}