{"id":31705,"date":"2026-04-26T00:23:38","date_gmt":"2026-04-26T04:23:38","guid":{"rendered":"https:\/\/entretormentas.com\/?p=31705"},"modified":"2026-04-26T00:23:39","modified_gmt":"2026-04-26T04:23:39","slug":"en-mara-alcalde-labarca-apoya-a-32-nuevos-emprendedores-en-san-rafael-de-el-mojan","status":"publish","type":"post","link":"https:\/\/entretormentas.com\/en-mara-alcalde-labarca-apoya-a-32-nuevos-emprendedores-en-san-rafael-de-el-mojan\/","title":{"rendered":"\u00a1EN MARA! Alcalde Labarca apoya a 32 nuevos emprendedores en San Rafael de El Moj\u00e1n"},"content":{"rendered":"\n<p><strong>ENTRE TORMENTAS<\/strong>. En la Comuna Ind\u00edgena A\u00f1\u00fa Indio Mara, en San Rafael de El Moj\u00e1n, el Alcalde Edgar Labarca acompa\u00f1\u00f3 la entrega de recursos a 32 nuevos emprendedores.<\/p>\n\n\n\n<p>Esta iniciativa forma parte de los proyectos aprobados en la primera consulta del 8 de marzo de 2026 y financiados por el Gobierno nacional, a trav\u00e9s del Consejo Federal de Gobierno (CFG), y con el apoyo t\u00e9cnico de la Alcald\u00eda de Mara.<img fetchpriority=\"high\" decoding=\"async\" width=\"500\" height=\"390\" class=\"wp-image-31707\" style=\"width: 500px;\" src=\"https:\/\/entretormentas.com\/wp-content\/uploads\/2026\/04\/20260425_195953.jpg\" alt=\"\" srcset=\"https:\/\/entretormentas.com\/wp-content\/uploads\/2026\/04\/20260425_195953.jpg 622w, https:\/\/entretormentas.com\/wp-content\/uploads\/2026\/04\/20260425_195953-300x234.jpg 300w\" sizes=\"(max-width: 500px) 100vw, 500px\" \/><\/p>\n\n\n\n<p>Entre las comunidades beneficiadas destacan El Hacha y Nazareth, donde surgen nuevos negocios en \u00e1reas de peluquer\u00eda, reposter\u00eda, bisuter\u00eda, papeler\u00eda creativa y confiter\u00eda, sectores que dinamizar\u00e1n el desarrollo productivo de la zona.<\/p>\n\n\n\n<p>Durante el acto, el Alcalde Edgar Labarca reiter\u00f3, este s\u00e1bado 25 de abril, el compromiso con las comunidades organizadas: \u00abEstamos en el territorio ind\u00edgena a\u00f1\u00fa. Hoy el beneficio llega a 32 nuevos emprendedores gracias al trabajo conjunto entre el Poder Popular y el Gobierno Bolivariano, el compromiso cada d\u00eda es mayor con nuestros pueblos originarios\u00bb.<img decoding=\"async\" width=\"500\" height=\"503\" class=\"wp-image-31708\" style=\"width: 500px;\" src=\"https:\/\/entretormentas.com\/wp-content\/uploads\/2026\/04\/20260425_200150.jpg\" alt=\"\" srcset=\"https:\/\/entretormentas.com\/wp-content\/uploads\/2026\/04\/20260425_200150.jpg 562w, https:\/\/entretormentas.com\/wp-content\/uploads\/2026\/04\/20260425_200150-298x300.jpg 298w, https:\/\/entretormentas.com\/wp-content\/uploads\/2026\/04\/20260425_200150-150x150.jpg 150w\" sizes=\"(max-width: 500px) 100vw, 500px\" \/><\/p>\n\n\n\n<p>Yakelin A\u00f1ez, una de las emprendedoras beneficiadas, expres\u00f3: \u00abGracias a Dios, al presidente constitucional, Nicol\u00e1s Maduro; a la presidenta encargada, Delcy Rodr\u00edguez; a nuestro gobernador Luis Caldera, y a usted, Alcalde, por este beneficio que llega a nuestras comunidades para lograr el desarrollo local y municipal\u00bb.<\/p>\n\n\n\n<p>La jornada cont\u00f3 con una variada programaci\u00f3n cultural que incluy\u00f3 la presentaci\u00f3n del Nicho Etnoling\u00fc\u00edstico \u00abDon Pedro Palmar\u00bb y la participaci\u00f3n de la cantante local Luz Dary Medina, quienes amenizaron el encuentro con su talento.<br><strong><em>ET \/ Prensa Alcald\u00eda de Mara<\/em><\/strong><\/p>\n","protected":false},"excerpt":{"rendered":"<p>ENTRE TORMENTAS. En la Comuna Ind\u00edgena A\u00f1\u00fa Indio Mara, en San Rafael de El Moj\u00e1n,&#8230;<\/p>\n","protected":false},"author":2,"featured_media":31706,"comment_status":"closed","ping_status":"open","sticky":false,"template":"","format":"standard","meta":{"footnotes":""},"categories":[1],"tags":[],"class_list":["post-31705","post","type-post","status-publish","format-standard","has-post-thumbnail","hentry","category-regionales"],"_links":{"self":[{"href":"https:\/\/entretormentas.com\/index.php?rest_route=\/wp\/v2\/posts\/31705","targetHints":{"allow":["GET"]}}],"collection":[{"href":"https:\/\/entretormentas.com\/index.php?rest_route=\/wp\/v2\/posts"}],"about":[{"href":"https:\/\/entretormentas.com\/index.php?rest_route=\/wp\/v2\/types\/post"}],"author":[{"embeddable":true,"href":"https:\/\/entretormentas.com\/index.php?rest_route=\/wp\/v2\/users\/2"}],"replies":[{"embeddable":true,"href":"https:\/\/entretormentas.com\/index.php?rest_route=%2Fwp%2Fv2%2Fcomments&post=31705"}],"version-history":[{"count":1,"href":"https:\/\/entretormentas.com\/index.php?rest_route=\/wp\/v2\/posts\/31705\/revisions"}],"predecessor-version":[{"id":31709,"href":"https:\/\/entretormentas.com\/index.php?rest_route=\/wp\/v2\/posts\/31705\/revisions\/31709"}],"wp:featuredmedia":[{"embeddable":true,"href":"https:\/\/entretormentas.com\/index.php?rest_route=\/wp\/v2\/media\/31706"}],"wp:attachment":[{"href":"https:\/\/entretormentas.com\/index.php?rest_route=%2Fwp%2Fv2%2Fmedia&parent=31705"}],"wp:term":[{"taxonomy":"category","embeddable":true,"href":"https:\/\/entretormentas.com\/index.php?rest_route=%2Fwp%2Fv2%2Fcategories&post=31705"},{"taxonomy":"post_tag","embeddable":true,"href":"https:\/\/entretormentas.com\/index.php?rest_route=%2Fwp%2Fv2%2Ftags&post=31705"}],"curies":[{"name":"wp","href":"https:\/\/api.w.org\/{rel}","templated":true}]}}