{"id":31717,"date":"2026-04-26T00:45:45","date_gmt":"2026-04-26T04:45:45","guid":{"rendered":"https:\/\/entretormentas.com\/?p=31717"},"modified":"2026-04-26T00:48:26","modified_gmt":"2026-04-26T04:48:26","slug":"director-de-pc-municipal-lluvia-torrencial-de-tres-horas-en-maracaibo-acumulo-el-agua-correspondiente-a-un-mes","status":"publish","type":"post","link":"https:\/\/entretormentas.com\/director-de-pc-municipal-lluvia-torrencial-de-tres-horas-en-maracaibo-acumulo-el-agua-correspondiente-a-un-mes\/","title":{"rendered":"DIRECTOR DE PC MUNICIPAL: \u00abLluvia torrencial de tres horas en Maracaibo acumul\u00f3 el agua correspondiente a un mes\u00bb"},"content":{"rendered":"\n<p><strong>ENTRE TORMENTAS<\/strong>. La cantidad de agua ca\u00edda la ma\u00f1ana de este s\u00e1bado 25 en Maracaibo, es la que normalmente deber\u00eda registrarse en un mes completo del per\u00edodo lluvioso, as\u00ed lo explic\u00f3 Eduar Padilla, director de Protecci\u00f3n Civil Maracaibo, de acuerdo al Instituto Nacional de Meteorolog\u00eda e Hidrolog\u00eda (Inameh).<\/p>\n\n\n\n<p>Se\u00f1al\u00f3 el funcionario que, seg\u00fan los registros tomados en la ciudad, las lluvias acaecidas la ma\u00f1ana de este s\u00e1bado 25 de abril dejaron un acumulado de agua de 7,55 mm, cuando anualmente en la ciudad registra de entre 50 mm a 90 mm.<img fetchpriority=\"high\" decoding=\"async\" width=\"500\" height=\"380\" class=\"wp-image-31719\" style=\"width: 500px;\" src=\"https:\/\/entretormentas.com\/wp-content\/uploads\/2026\/04\/IMG-20260425-WA0156.jpg\" alt=\"\" srcset=\"https:\/\/entretormentas.com\/wp-content\/uploads\/2026\/04\/IMG-20260425-WA0156.jpg 1109w, https:\/\/entretormentas.com\/wp-content\/uploads\/2026\/04\/IMG-20260425-WA0156-300x228.jpg 300w, https:\/\/entretormentas.com\/wp-content\/uploads\/2026\/04\/IMG-20260425-WA0156-1024x778.jpg 1024w, https:\/\/entretormentas.com\/wp-content\/uploads\/2026\/04\/IMG-20260425-WA0156-768x584.jpg 768w\" sizes=\"(max-width: 500px) 100vw, 500px\" \/><\/p>\n\n\n\n<p><strong>LAS CA\u00d1ADAS FLUYERON<\/strong><br>Por su parte, el General Engherbert Atencio, primer comandante del Cuerpo de Bomberos de Maracaibo indic\u00f3, \u201cen un trabajo conjunto entre la Gobernaci\u00f3n del Zulia, Alcald\u00eda de Maracaibo y los organismos de prevenci\u00f3n de riesgo, una vez comenzaron las lluvias, salimos a las calles a continuar con el monitoreo, verificamos especialmente los puntos cr\u00edticos donde tradicionalmente se registraban inundaciones y pese a que las precipitaciones fueron intensas, no hubo ninguna situaci\u00f3n que lamentar. Las ca\u00f1adas llegaron a sus niveles, sin embargo, todas fluyeron sin generar contingencias ni situaciones lamentables\u201d, dijo.<\/p>\n\n\n\n<p>En relaci\u00f3n con las labores de reducci\u00f3n de agua acumulada debajo del distribuidor \u201cJes\u00fas Enrique Lossada\u201d, en la Avenida Libertador, casco central; Atencio indic\u00f3, que ese punto cr\u00edtico fue atendido de forma inmediata, en un trabajo conjunto coordinado entre los cuatro niveles de gobierno; labores que permitieron en poco tiempo, que la ciudad retomara el tr\u00e1nsito por la zona de forma habitual.<img decoding=\"async\" width=\"500\" height=\"333\" class=\"wp-image-31720\" style=\"width: 500px;\" src=\"https:\/\/entretormentas.com\/wp-content\/uploads\/2026\/04\/IMG-20260425-WA0142.jpg\" alt=\"\" srcset=\"https:\/\/entretormentas.com\/wp-content\/uploads\/2026\/04\/IMG-20260425-WA0142.jpg 1280w, https:\/\/entretormentas.com\/wp-content\/uploads\/2026\/04\/IMG-20260425-WA0142-300x200.jpg 300w, https:\/\/entretormentas.com\/wp-content\/uploads\/2026\/04\/IMG-20260425-WA0142-1024x682.jpg 1024w, https:\/\/entretormentas.com\/wp-content\/uploads\/2026\/04\/IMG-20260425-WA0142-768x512.jpg 768w\" sizes=\"(max-width: 500px) 100vw, 500px\" \/><\/p>\n\n\n\n<p>Irwing Molero, vendedor de implementos de limpieza, con 47 a\u00f1os de actividad comercial en el centro de la ciudad, calific\u00f3 de r\u00e1pida la respuesta por parte del alcalde Giancarlo Di Martino, \u201cprimera vez que veo que un alcalde atiende de primera mano esta situaci\u00f3n en este puente. Me siento contento, porque veo que no somos ignorados por el alcalde, todo lo contrario, aqu\u00ed lo vemos, con la gente, as\u00ed debe ser y eso solo lo hace porque a \u00e9l le gusta ver bonita la ciudad\u201d.<br><strong><em>ET \/ Prensa Alcald\u00eda de Maracaibo<\/em><\/strong><\/p>\n","protected":false},"excerpt":{"rendered":"<p>ENTRE TORMENTAS. La cantidad de agua ca\u00edda la ma\u00f1ana de este s\u00e1bado 25 en Maracaibo,&#8230;<\/p>\n","protected":false},"author":2,"featured_media":31718,"comment_status":"closed","ping_status":"open","sticky":false,"template":"","format":"standard","meta":{"footnotes":""},"categories":[57,1],"tags":[],"class_list":["post-31717","post","type-post","status-publish","format-standard","has-post-thumbnail","hentry","category-actualidad","category-regionales"],"_links":{"self":[{"href":"https:\/\/entretormentas.com\/index.php?rest_route=\/wp\/v2\/posts\/31717","targetHints":{"allow":["GET"]}}],"collection":[{"href":"https:\/\/entretormentas.com\/index.php?rest_route=\/wp\/v2\/posts"}],"about":[{"href":"https:\/\/entretormentas.com\/index.php?rest_route=\/wp\/v2\/types\/post"}],"author":[{"embeddable":true,"href":"https:\/\/entretormentas.com\/index.php?rest_route=\/wp\/v2\/users\/2"}],"replies":[{"embeddable":true,"href":"https:\/\/entretormentas.com\/index.php?rest_route=%2Fwp%2Fv2%2Fcomments&post=31717"}],"version-history":[{"count":1,"href":"https:\/\/entretormentas.com\/index.php?rest_route=\/wp\/v2\/posts\/31717\/revisions"}],"predecessor-version":[{"id":31721,"href":"https:\/\/entretormentas.com\/index.php?rest_route=\/wp\/v2\/posts\/31717\/revisions\/31721"}],"wp:featuredmedia":[{"embeddable":true,"href":"https:\/\/entretormentas.com\/index.php?rest_route=\/wp\/v2\/media\/31718"}],"wp:attachment":[{"href":"https:\/\/entretormentas.com\/index.php?rest_route=%2Fwp%2Fv2%2Fmedia&parent=31717"}],"wp:term":[{"taxonomy":"category","embeddable":true,"href":"https:\/\/entretormentas.com\/index.php?rest_route=%2Fwp%2Fv2%2Fcategories&post=31717"},{"taxonomy":"post_tag","embeddable":true,"href":"https:\/\/entretormentas.com\/index.php?rest_route=%2Fwp%2Fv2%2Ftags&post=31717"}],"curies":[{"name":"wp","href":"https:\/\/api.w.org\/{rel}","templated":true}]}}