{"id":31740,"date":"2026-04-27T03:03:33","date_gmt":"2026-04-27T07:03:33","guid":{"rendered":"https:\/\/entretormentas.com\/?p=31740"},"modified":"2026-04-27T04:37:01","modified_gmt":"2026-04-27T08:37:01","slug":"el-imgra-participara-en-el-festival-de-la-fundacion-nacional-de-la-gaita-el-2-de-mayo-con-mas-de-985-ninos-formados-en-las-distintas-escuelas-del-instituto","status":"publish","type":"post","link":"https:\/\/entretormentas.com\/el-imgra-participara-en-el-festival-de-la-fundacion-nacional-de-la-gaita-el-2-de-mayo-con-mas-de-985-ninos-formados-en-las-distintas-escuelas-del-instituto\/","title":{"rendered":"\u00a1VAN 62 N\u00daCLEOS MUSICALES! Alcald\u00eda de Maracaibo inaugura escuela de gaita en honor al guaquero Ricardo Hern\u00e1ndez"},"content":{"rendered":"\n<p><strong><em>El IMGRA participar\u00e1 en el festival de la Fundaci\u00f3n Nacional de la Gaita, el 2 de mayo, con m\u00e1s de 985 ni\u00f1os formados en las distintas escuelas del instituto<\/em><\/strong><\/p>\n\n\n\n<p><strong>ENTRE TORMENTAS. <\/strong>Con m\u00e1s de 40 ni\u00f1os inscritos, la Alcald\u00eda de Maracaibo, a trav\u00e9s del Instituto Municipal de La Gaita, Ricardo Aguirre (IMGRA), inaugur\u00f3 la Escuela de Gaita Ricardo Hern\u00e1ndez\u00bb, que rinde tributo al \u201churac\u00e1n guaquero\u00bb.<\/p>\n\n\n\n<p>Ricardo \u201cEl Pel\u00f3n\u201d Aguirre, presidente del IMGRA, manifest\u00f3 que van 62 escuelas en cuyos espacios se incentiva a los ni\u00f1os a abrazar la cultura zuliana y la m\u00fasica tradicional. Todas cuentan con una matr\u00edcula numerosa; refiri\u00f3 que esta escuela iniciar\u00e1 sus actividades acad\u00e9micas la pr\u00f3xima semana, con actividad los d\u00edas: lunes y jueves, en un horario de 3.00 Pm a 5.00 Pm, desde las instalaciones de la Concha Ac\u00fastica del Parque Ana Mar\u00eda Campos.<\/p>\n\n\n\n<figure class=\"wp-block-image size-large\"><img fetchpriority=\"high\" decoding=\"async\" width=\"1024\" height=\"683\" src=\"https:\/\/entretormentas.com\/wp-content\/uploads\/2026\/04\/image-662-1024x683.png\" alt=\"\" class=\"wp-image-31742\" srcset=\"https:\/\/entretormentas.com\/wp-content\/uploads\/2026\/04\/image-662-1024x683.png 1024w, https:\/\/entretormentas.com\/wp-content\/uploads\/2026\/04\/image-662-300x200.png 300w, https:\/\/entretormentas.com\/wp-content\/uploads\/2026\/04\/image-662-768x512.png 768w, https:\/\/entretormentas.com\/wp-content\/uploads\/2026\/04\/image-662.png 1280w\" sizes=\"(max-width: 1024px) 100vw, 1024px\" \/><\/figure>\n\n\n\n<p>Como lo dijo el mismo Ricardo Hern\u00e1ndez desde la distancia: \u201cGracias a la Alcald\u00eda de Maracaibo por esta designaci\u00f3n, me siento honrado porque a esta escuela se unen varios gaiteritos que ser\u00e1n guiados en esta escuela. Es una manera de eternizar la gaita zuliana\u201d.<\/p>\n\n\n\n<p>Asimismo, en representaci\u00f3n del gaitero, estuvo su hijo, Ricardo Hern\u00e1ndez Jr, quien expres\u00f3 que este m\u00e9rito es una manera de hacer justicia al legado, no solo de cantantes, sino tambi\u00e9n los que est\u00e1n detr\u00e1s de los temas, como los compositores y productores que son piezas fundamentales.<\/p>\n\n\n\n<p>\u201cCreo que es un gran comienzo con este reconocimiento a mi padre, con una escuela de gaita que le va a permitir a las nuevas generaciones de gaiteros, conocer y trascender m\u00e1s all\u00e1 de la gaita\u201d, indic\u00f3 Hern\u00e1ndez.<\/p>\n\n\n\n<p><strong>INVITADO ESPECIAL<\/strong><br>Durante la apertura, el reconocido cantante de salsa, Ronald Borjas, resalt\u00f3 que esta labor ayuda al crecimiento y el fortalecimiento de las tradiciones culturales venezolanas.<\/p>\n\n\n\n<figure class=\"wp-block-image size-large\"><img decoding=\"async\" width=\"1024\" height=\"683\" src=\"https:\/\/entretormentas.com\/wp-content\/uploads\/2026\/04\/image-663-1024x683.png\" alt=\"\" class=\"wp-image-31743\" srcset=\"https:\/\/entretormentas.com\/wp-content\/uploads\/2026\/04\/image-663-1024x683.png 1024w, https:\/\/entretormentas.com\/wp-content\/uploads\/2026\/04\/image-663-300x200.png 300w, https:\/\/entretormentas.com\/wp-content\/uploads\/2026\/04\/image-663-768x512.png 768w, https:\/\/entretormentas.com\/wp-content\/uploads\/2026\/04\/image-663.png 1280w\" sizes=\"(max-width: 1024px) 100vw, 1024px\" \/><\/figure>\n\n\n\n<p>\u201cRicardo Hern\u00e1ndez es una persona que le ha entregado mucho a este pa\u00eds, al estado Zulia y a esta ciudad; y mientras m\u00e1s escuelas existan, m\u00e1s ni\u00f1os aprenden de la gaita zuliana, yo voy a estar feliz que estas iniciativas ayuden a expandirse por el mundo\u201d, dijo Borjas.<\/p>\n\n\n\n<p>El trabajo del m\u00fasico, compositor, arreglista y productor musical, Ricardo Hern\u00e1ndez fue clave en la evoluci\u00f3n del sonido de la agrupaci\u00f3n Guaco, donde ejecut\u00f3 varios instrumentos; adem\u00e1s tuvo la responsabilidad de cantar y componer un seriado de \u00e9xitos, como: Sandunguera, Tremenda negra, Mi tamborera, Noche sensacional, Movidita, Guaco y tambora, Cepilla\u2019o, Pastelero, Billetero, Un cigarrito y un caf\u00e9, A comer, Sentimiento nacional, entre otros verdaderos \u00e9xitos.<\/p>\n\n\n\n<p>\u201cEl Pel\u00f3n\u201d Aguirre, anunci\u00f3 que el IMGRA se prepara para una participaci\u00f3n masiva en el festival de la Fundaci\u00f3n Nacional de la Gaita, que comenzar\u00e1 el 2 de mayo, y contar\u00e1 con la representaci\u00f3n de m\u00e1s de 985 ni\u00f1os formados en las distintas escuelas del instituto.<br><strong><em>ET \/ Prensa Alcald\u00eda de Maracaibo<\/em><\/strong><\/p>\n\n\n\n<p><\/p>\n","protected":false},"excerpt":{"rendered":"<p>El IMGRA participar\u00e1 en el festival de la Fundaci\u00f3n Nacional de la Gaita, el 2&#8230;<\/p>\n","protected":false},"author":2,"featured_media":31741,"comment_status":"closed","ping_status":"open","sticky":false,"template":"","format":"standard","meta":{"footnotes":""},"categories":[54],"tags":[],"class_list":["post-31740","post","type-post","status-publish","format-standard","has-post-thumbnail","hentry","category-espectaculos"],"_links":{"self":[{"href":"https:\/\/entretormentas.com\/index.php?rest_route=\/wp\/v2\/posts\/31740","targetHints":{"allow":["GET"]}}],"collection":[{"href":"https:\/\/entretormentas.com\/index.php?rest_route=\/wp\/v2\/posts"}],"about":[{"href":"https:\/\/entretormentas.com\/index.php?rest_route=\/wp\/v2\/types\/post"}],"author":[{"embeddable":true,"href":"https:\/\/entretormentas.com\/index.php?rest_route=\/wp\/v2\/users\/2"}],"replies":[{"embeddable":true,"href":"https:\/\/entretormentas.com\/index.php?rest_route=%2Fwp%2Fv2%2Fcomments&post=31740"}],"version-history":[{"count":2,"href":"https:\/\/entretormentas.com\/index.php?rest_route=\/wp\/v2\/posts\/31740\/revisions"}],"predecessor-version":[{"id":31812,"href":"https:\/\/entretormentas.com\/index.php?rest_route=\/wp\/v2\/posts\/31740\/revisions\/31812"}],"wp:featuredmedia":[{"embeddable":true,"href":"https:\/\/entretormentas.com\/index.php?rest_route=\/wp\/v2\/media\/31741"}],"wp:attachment":[{"href":"https:\/\/entretormentas.com\/index.php?rest_route=%2Fwp%2Fv2%2Fmedia&parent=31740"}],"wp:term":[{"taxonomy":"category","embeddable":true,"href":"https:\/\/entretormentas.com\/index.php?rest_route=%2Fwp%2Fv2%2Fcategories&post=31740"},{"taxonomy":"post_tag","embeddable":true,"href":"https:\/\/entretormentas.com\/index.php?rest_route=%2Fwp%2Fv2%2Ftags&post=31740"}],"curies":[{"name":"wp","href":"https:\/\/api.w.org\/{rel}","templated":true}]}}