{"id":31750,"date":"2026-04-27T03:10:32","date_gmt":"2026-04-27T07:10:32","guid":{"rendered":"https:\/\/entretormentas.com\/?p=31750"},"modified":"2026-04-27T03:10:32","modified_gmt":"2026-04-27T07:10:32","slug":"maracaibo-organizada-alcaldia-censa-y-dota-de-uniformes-a-comerciantes-informales-del-terminal-de-pasajeros","status":"publish","type":"post","link":"https:\/\/entretormentas.com\/maracaibo-organizada-alcaldia-censa-y-dota-de-uniformes-a-comerciantes-informales-del-terminal-de-pasajeros\/","title":{"rendered":"\u00a1MARACAIBO ORGANIZADA! Alcald\u00eda censa y dota de uniformes a comerciantes informales del Terminal de Pasajeros"},"content":{"rendered":"\n<p><strong><em>El Sedetema reorganiza los locales dentro del terminal y reacondiciona sus estructuras. Los comerciantes formales retomaron sus deberes de pago con la municipalidad<\/em><\/strong><\/p>\n\n\n\n<p><strong>ENTRE TORMENTAS.<\/strong> Para dignificar su labor, la Alcald\u00eda de Maracaibo, realiz\u00f3 un censo y dot\u00f3 de uniformes a m\u00e1s de 40 vendedores que ejercen su actividad econ\u00f3mica de manera informal en el Terminal de Pasajeros de Maracaibo.<\/p>\n\n\n\n<p>La dotaci\u00f3n fue realizada por el ayuntamiento marabino, a trav\u00e9s del Servicio Desconcentrado Terminal de Pasajeros de Maracaibo (Sedetema), as\u00ed lo inform\u00f3 Len\u00edn Gonz\u00e1lez, presidente del organismo quien agreg\u00f3 que, esto permite adem\u00e1s que, todos puedan estar identificados y as\u00ed continuar con su actividad dentro del Terminal de manera m\u00e1s organizada.<\/p>\n\n\n\n<figure class=\"wp-block-image size-large\"><img fetchpriority=\"high\" decoding=\"async\" width=\"1024\" height=\"768\" src=\"https:\/\/entretormentas.com\/wp-content\/uploads\/2026\/04\/image-668-1024x768.png\" alt=\"\" class=\"wp-image-31752\" srcset=\"https:\/\/entretormentas.com\/wp-content\/uploads\/2026\/04\/image-668-1024x768.png 1024w, https:\/\/entretormentas.com\/wp-content\/uploads\/2026\/04\/image-668-300x225.png 300w, https:\/\/entretormentas.com\/wp-content\/uploads\/2026\/04\/image-668-768x576.png 768w, https:\/\/entretormentas.com\/wp-content\/uploads\/2026\/04\/image-668.png 1280w\" sizes=\"(max-width: 1024px) 100vw, 1024px\" \/><\/figure>\n\n\n\n<p>\u201cSe trat\u00f3 de una jornada especial con los comerciantes informales, se les dot\u00f3 de uniforme e identificaci\u00f3n necesaria para dignificarlos. Ellos ven\u00edan trabajando de manera libre, no ten\u00edan ninguna condici\u00f3n ni organizaci\u00f3n; nos reunimos con el gremio de transporte, se realizaron varias mesas de trabajo y, se lleg\u00f3 a varios consensos con la finalidad de que est\u00e9n identificados, que todas las autoridades conozcan qui\u00e9nes son los que est\u00e1n trabajando y redistribuirlos de acuerdo a su actividad econ\u00f3mica, en los diferentes espacios del terminal, entre esos, los ocho andenes que tenemos, especific\u00f3 Gonz\u00e1lez.<\/p>\n\n\n\n<p><strong>REACONDICIONAMIENTO DE LOCALES<\/strong><br>Asimismo, anunci\u00f3 que trabajan en el reacondicionamiento de los locales dentro de la terminal terrestre; \u201cigualmente tenemos 200 comerciantes, que tienen locales dentro del Terminal de Maracaibo, estamos trabajando de manera mancomunada y coordinada con ellos el tema de pintura de fachada y tambi\u00e9n desarrollamos un proceso de reorganizaci\u00f3n\u201d, indic\u00f3.<\/p>\n\n\n\n<p>Se\u00f1al\u00f3 que, gracias a un trabajo de concientizaci\u00f3n promovido por la Alcald\u00eda bolivariana de Maracaibo, los 200 comerciantes est\u00e1n en el proceso de ponerse al d\u00eda con la municipalidad, \u201cest\u00e1n pagando sus arrendamientos, algo que no hac\u00edan desde hace m\u00e1s de dos a\u00f1os. Esto es un trabajo de concientizaci\u00f3n que nos ha permitido volver a la normalidad, legal y econ\u00f3mica dentro del Terminal\u201d.<\/p>\n\n\n\n<figure class=\"wp-block-image size-full\"><img decoding=\"async\" width=\"1008\" height=\"756\" src=\"https:\/\/entretormentas.com\/wp-content\/uploads\/2026\/04\/image-669.png\" alt=\"\" class=\"wp-image-31753\" srcset=\"https:\/\/entretormentas.com\/wp-content\/uploads\/2026\/04\/image-669.png 1008w, https:\/\/entretormentas.com\/wp-content\/uploads\/2026\/04\/image-669-300x225.png 300w, https:\/\/entretormentas.com\/wp-content\/uploads\/2026\/04\/image-669-768x576.png 768w\" sizes=\"(max-width: 1008px) 100vw, 1008px\" \/><\/figure>\n\n\n\n<p>En relaci\u00f3n con los m\u00e1s de 40 comerciantes informales que recibieron sus uniformes, Gonz\u00e1lez aclar\u00f3, \u201cellos no cancelan ning\u00fan tipo de arriendo, son personas con 20, 15, 30 a\u00f1os trabajando aqu\u00ed y no se les hab\u00eda otorgado ninguna condici\u00f3n de trato para que ellos pudieran hacer su labor. Ahora tienen su rubro determinado, su espacio para ofrecer su servicio, y as\u00ed tambi\u00e9n hacemos junto a los organismos de seguridad, el control para evitar anarqu\u00eda e ilegalidades dentro del terminal\u201d, se\u00f1al\u00f3.<\/p>\n\n\n\n<p><strong>COMERCIANTES FELICES<\/strong><br>Jos\u00e9 Azuaje vende ropa dentro del terminal, \u201cesto me parece positivo porque as\u00ed sabemos qui\u00e9nes somos los que hacemos este trabajo aqu\u00ed en terminal\u201d.<\/p>\n\n\n\n<p>Por su parte Jovani Bravo, con siete a\u00f1os de actividad comercial en el terminal dice: \u201chac\u00eda falta que nos identificaran, as\u00ed evitamos confusiones y nos hace m\u00e1s llevadero el trabajo. Gracias al alcalde Di Martino y a las autoridades del terminal por este trabajo\u201d.<br><strong><em>ET \/ Prensa Alcald\u00eda de Maracaibo<\/em><\/strong><\/p>\n\n\n\n<p><\/p>\n","protected":false},"excerpt":{"rendered":"<p>El Sedetema reorganiza los locales dentro del terminal y reacondiciona sus estructuras. Los comerciantes formales&#8230;<\/p>\n","protected":false},"author":2,"featured_media":31751,"comment_status":"closed","ping_status":"open","sticky":false,"template":"","format":"standard","meta":{"footnotes":""},"categories":[57,1],"tags":[],"class_list":["post-31750","post","type-post","status-publish","format-standard","has-post-thumbnail","hentry","category-actualidad","category-regionales"],"_links":{"self":[{"href":"https:\/\/entretormentas.com\/index.php?rest_route=\/wp\/v2\/posts\/31750","targetHints":{"allow":["GET"]}}],"collection":[{"href":"https:\/\/entretormentas.com\/index.php?rest_route=\/wp\/v2\/posts"}],"about":[{"href":"https:\/\/entretormentas.com\/index.php?rest_route=\/wp\/v2\/types\/post"}],"author":[{"embeddable":true,"href":"https:\/\/entretormentas.com\/index.php?rest_route=\/wp\/v2\/users\/2"}],"replies":[{"embeddable":true,"href":"https:\/\/entretormentas.com\/index.php?rest_route=%2Fwp%2Fv2%2Fcomments&post=31750"}],"version-history":[{"count":1,"href":"https:\/\/entretormentas.com\/index.php?rest_route=\/wp\/v2\/posts\/31750\/revisions"}],"predecessor-version":[{"id":31754,"href":"https:\/\/entretormentas.com\/index.php?rest_route=\/wp\/v2\/posts\/31750\/revisions\/31754"}],"wp:featuredmedia":[{"embeddable":true,"href":"https:\/\/entretormentas.com\/index.php?rest_route=\/wp\/v2\/media\/31751"}],"wp:attachment":[{"href":"https:\/\/entretormentas.com\/index.php?rest_route=%2Fwp%2Fv2%2Fmedia&parent=31750"}],"wp:term":[{"taxonomy":"category","embeddable":true,"href":"https:\/\/entretormentas.com\/index.php?rest_route=%2Fwp%2Fv2%2Fcategories&post=31750"},{"taxonomy":"post_tag","embeddable":true,"href":"https:\/\/entretormentas.com\/index.php?rest_route=%2Fwp%2Fv2%2Ftags&post=31750"}],"curies":[{"name":"wp","href":"https:\/\/api.w.org\/{rel}","templated":true}]}}