{"id":31776,"date":"2026-04-27T03:30:41","date_gmt":"2026-04-27T07:30:41","guid":{"rendered":"https:\/\/entretormentas.com\/?p=31776"},"modified":"2026-04-27T03:30:42","modified_gmt":"2026-04-27T07:30:42","slug":"en-la-machiques-colon-gobernador-caldera-impulsa-el-desarrollo-del-sur-del-lago-al-recuperar-50-km-de-la-vialidad","status":"publish","type":"post","link":"https:\/\/entretormentas.com\/en-la-machiques-colon-gobernador-caldera-impulsa-el-desarrollo-del-sur-del-lago-al-recuperar-50-km-de-la-vialidad\/","title":{"rendered":"\u00a1EN LA MACHIQUES-COL\u00d3N! Gobernador Caldera impulsa el desarrollo del Sur del Lago al recuperar 50 km de la vialidad"},"content":{"rendered":"\n<p><strong>ENTRE TORMENTAS.<\/strong> En un esfuerzo por dignificar la calidad de vida de los habitantes y fortalecer el aparato productivo de la regi\u00f3n, el gobernador Luis Caldera entreg\u00f3 la rehabilitaci\u00f3n de 50 kil\u00f3metros de este tramo que conecta desde el peaje Virgen del Carmen hasta el sector La Cachamana. Esta obra se erige como un pilar fundamental para el transporte, la ganader\u00eda y las comunidades ind\u00edgenas de la zona.<\/p>\n\n\n\n<p>La recuperaci\u00f3n de esta importante arteria vial dignifica a las comunidades ind\u00edgenas de la esta entidad perijanera, y, adem\u00e1s, pone fin a las complicaciones mec\u00e1nicas y los retrasos log\u00edsticos que afectaban a los transportistas y productores.<\/p>\n\n\n\n<figure class=\"wp-block-image size-large\"><img fetchpriority=\"high\" decoding=\"async\" width=\"768\" height=\"1024\" src=\"https:\/\/entretormentas.com\/wp-content\/uploads\/2026\/04\/image-684-768x1024.png\" alt=\"\" class=\"wp-image-31778\" srcset=\"https:\/\/entretormentas.com\/wp-content\/uploads\/2026\/04\/image-684-768x1024.png 768w, https:\/\/entretormentas.com\/wp-content\/uploads\/2026\/04\/image-684-225x300.png 225w, https:\/\/entretormentas.com\/wp-content\/uploads\/2026\/04\/image-684.png 960w\" sizes=\"(max-width: 768px) 100vw, 768px\" \/><\/figure>\n\n\n\n<p>De esta manera, el Plan Estadal de Asfaltado garantiza la seguridad vial, permitiendo que las familias de las comunidades aleda\u00f1as, incluyendo asentamientos campesinos y pueblos ind\u00edgenas, cuenten con una v\u00eda \u00f3ptima que facilita el acceso a centros de salud, educaci\u00f3n y mercados locales, rompiendo as\u00ed con a\u00f1os de aislamiento provocado por el deterioro del pavimento.<\/p>\n\n\n\n<p><strong>JUSTICIA SOCIAL Y BIENESTAR<\/strong><br>La voz de los pueblos originarios se hizo presente a trav\u00e9s de testimonios de agradecimiento, resaltando que la gesti\u00f3n del Gobernador Luis Caldera ha mantenido una mirada atenta hacia las necesidades de las comunidades ind\u00edgenas, facilitando el acceso a servicios y mejorando la conectividad del Sur del Lago.<\/p>\n\n\n\n<p>\u00abGracias, gobernador, por estar siempre pendiente de nuestras comunidades. Esta carretera dignifica nuestra calidad de vida y nos permite estar mejor conectados. Es un gesto de amor y compromiso\u201d, resaltaron.<\/p>\n\n\n\n<p><strong>DESARROLLO ECON\u00d3MICO<\/strong><br>Jes\u00fas Rodolfo Rinc\u00f3n, representante del sector ganadero, destac\u00f3 que la intervenci\u00f3n es crucial para el municipio ganadero m\u00e1s importante de la naci\u00f3n.<\/p>\n\n\n\n<p>\u00abEstamos en el municipio ganadero m\u00e1s importante del pa\u00eds. Estos primeros 50 kil\u00f3metros recuperados por el gobernador Luis Caldera, desde el peaje Virgen del Carmen hasta La Cachamana, consolidan una de las v\u00edas agr\u00edcolas m\u00e1s estrat\u00e9gicas de Venezuela. Sin vialidad no hay producci\u00f3n, y hoy estamos fortaleciendo la soberan\u00eda alimentaria\u201d, destac\u00f3.<\/p>\n\n\n\n<figure class=\"wp-block-image size-large\"><img decoding=\"async\" width=\"1024\" height=\"576\" src=\"https:\/\/entretormentas.com\/wp-content\/uploads\/2026\/04\/image-685-1024x576.png\" alt=\"\" class=\"wp-image-31779\" srcset=\"https:\/\/entretormentas.com\/wp-content\/uploads\/2026\/04\/image-685-1024x576.png 1024w, https:\/\/entretormentas.com\/wp-content\/uploads\/2026\/04\/image-685-300x169.png 300w, https:\/\/entretormentas.com\/wp-content\/uploads\/2026\/04\/image-685-768x432.png 768w, https:\/\/entretormentas.com\/wp-content\/uploads\/2026\/04\/image-685.png 1080w\" sizes=\"(max-width: 1024px) 100vw, 1024px\" \/><\/figure>\n\n\n\n<p><strong>EFICIENCIA Y SEGURIDAD<\/strong><br>Por su parte, el sector transporte celebr\u00f3 la mejora en la transitabilidad. Los conductores resaltaron que la v\u00eda \u00abr\u00e1pida y veloz\u00bb no solo optimiza el servicio log\u00edstico, sino que reduce los costos operativos y mejora la seguridad de quienes transitan diariamente por ese eje.<\/p>\n\n\n\n<p>\u00abPara nosotros, el sector transporte, esta recuperaci\u00f3n es vital. Ahora nos desplazamos de una manera r\u00e1pida y segura hasta el sector La Cachamana. Menos tiempo en la v\u00eda significa mayor eficiencia y, sobre todo, dignidad para quienes pasamos el d\u00eda tras el volante.\u00bb<\/p>\n\n\n\n<p>Con la entrega de estos 50 kil\u00f3metros, el Gobernador Luis Caldera reafirma que su gesti\u00f3n no se detiene en el asfalto, sino que avanza hacia la reconstrucci\u00f3n del bienestar colectivo. Esta obra es un mensaje de esperanza para el Sur del Lago: la demostraci\u00f3n de que con voluntad pol\u00edtica y una administraci\u00f3n eficiente, es posible devolverle la grandeza al Zulia.<br><strong><em>ET \/ Prensa Gobernaci\u00f3n del Zulia<\/em><\/strong><\/p>\n\n\n\n<p><\/p>\n","protected":false},"excerpt":{"rendered":"<p>ENTRE TORMENTAS. En un esfuerzo por dignificar la calidad de vida de los habitantes y&#8230;<\/p>\n","protected":false},"author":2,"featured_media":31777,"comment_status":"closed","ping_status":"open","sticky":false,"template":"","format":"standard","meta":{"footnotes":""},"categories":[57,1],"tags":[],"class_list":["post-31776","post","type-post","status-publish","format-standard","has-post-thumbnail","hentry","category-actualidad","category-regionales"],"_links":{"self":[{"href":"https:\/\/entretormentas.com\/index.php?rest_route=\/wp\/v2\/posts\/31776","targetHints":{"allow":["GET"]}}],"collection":[{"href":"https:\/\/entretormentas.com\/index.php?rest_route=\/wp\/v2\/posts"}],"about":[{"href":"https:\/\/entretormentas.com\/index.php?rest_route=\/wp\/v2\/types\/post"}],"author":[{"embeddable":true,"href":"https:\/\/entretormentas.com\/index.php?rest_route=\/wp\/v2\/users\/2"}],"replies":[{"embeddable":true,"href":"https:\/\/entretormentas.com\/index.php?rest_route=%2Fwp%2Fv2%2Fcomments&post=31776"}],"version-history":[{"count":1,"href":"https:\/\/entretormentas.com\/index.php?rest_route=\/wp\/v2\/posts\/31776\/revisions"}],"predecessor-version":[{"id":31780,"href":"https:\/\/entretormentas.com\/index.php?rest_route=\/wp\/v2\/posts\/31776\/revisions\/31780"}],"wp:featuredmedia":[{"embeddable":true,"href":"https:\/\/entretormentas.com\/index.php?rest_route=\/wp\/v2\/media\/31777"}],"wp:attachment":[{"href":"https:\/\/entretormentas.com\/index.php?rest_route=%2Fwp%2Fv2%2Fmedia&parent=31776"}],"wp:term":[{"taxonomy":"category","embeddable":true,"href":"https:\/\/entretormentas.com\/index.php?rest_route=%2Fwp%2Fv2%2Fcategories&post=31776"},{"taxonomy":"post_tag","embeddable":true,"href":"https:\/\/entretormentas.com\/index.php?rest_route=%2Fwp%2Fv2%2Ftags&post=31776"}],"curies":[{"name":"wp","href":"https:\/\/api.w.org\/{rel}","templated":true}]}}