{"id":31781,"date":"2026-04-27T03:34:25","date_gmt":"2026-04-27T07:34:25","guid":{"rendered":"https:\/\/entretormentas.com\/?p=31781"},"modified":"2026-04-27T03:34:25","modified_gmt":"2026-04-27T07:34:25","slug":"iniciativa-de-la-alcaldia-maracaibo-celebra-su-identidad-con-vive-la-retreta-en-santa-lucia","status":"publish","type":"post","link":"https:\/\/entretormentas.com\/iniciativa-de-la-alcaldia-maracaibo-celebra-su-identidad-con-vive-la-retreta-en-santa-lucia\/","title":{"rendered":"\u00a1INICIATIVA DE LA ALCALD\u00cdA! Maracaibo celebra su identidad con Vive la Retreta en Santa Luc\u00eda"},"content":{"rendered":"\n<p><strong>ENTRE TORMENTAS.<\/strong> El boulevard de Santa Luc\u00eda fue el escenario donde m\u00e1s de 600 marabinos celebraron al son de la m\u00fasica aut\u00f3ctona, la gaita, sus ra\u00edces, tradiciones y el emprendimiento local, en esta edici\u00f3n especial de \u00a1Vive la Retreta!<\/p>\n\n\n\n<p>Bajo la visi\u00f3n del alcalde de la capital zuliana, Giancarlo Di Martino, la Direcci\u00f3n Municipal de Turismo y el Fondo Municipal de Turismo (FOMUTUR) llevan a cabo estas actividades para reconstruir espacios, impulsar el turismo, el comercio local y el sano esparcimiento.<\/p>\n\n\n\n<figure class=\"wp-block-image size-large\"><img fetchpriority=\"high\" decoding=\"async\" width=\"1024\" height=\"635\" src=\"https:\/\/entretormentas.com\/wp-content\/uploads\/2026\/04\/image-688-1024x635.png\" alt=\"\" class=\"wp-image-31784\" srcset=\"https:\/\/entretormentas.com\/wp-content\/uploads\/2026\/04\/image-688-1024x635.png 1024w, https:\/\/entretormentas.com\/wp-content\/uploads\/2026\/04\/image-688-300x186.png 300w, https:\/\/entretormentas.com\/wp-content\/uploads\/2026\/04\/image-688-768x477.png 768w, https:\/\/entretormentas.com\/wp-content\/uploads\/2026\/04\/image-688.png 1265w\" sizes=\"(max-width: 1024px) 100vw, 1024px\" \/><\/figure>\n\n\n\n<p>As\u00ed lo indic\u00f3 la directora municipal de Turismo, Karen Soto, quien afirm\u00f3 que este evento no es aislado, sino un compromiso que se realizar\u00e1 mensual en cada rinc\u00f3n de la ciudad, para que los ciudadanos abracen su cultura.<\/p>\n\n\n\n<p><strong>GAITA Y EMPRENDIMIENTO<\/strong><br>Yesmin Romero, presidenta de FOMUTUR, agreg\u00f3 que las escuelas encargadas de amenizar la tarde con los acordes de la m\u00fasica tradicional, la gaita, fueron: Escuela de Gaita Mois\u00e9s Mart\u00ednez, Escuela de Gaita Astolfo Romero, Escuela de Gaita Luis Oquendo, Los hijos del Saladillo, y las presentaciones especiales por parte de Music Jayc, Gaiteritos de Tata y el grupo musical Pa\u2019 Que Luis.<\/p>\n\n\n\n<p>Asimismo, Romero agreg\u00f3 que, este evento engloba tanto la m\u00fasica como a 26 artesanos y emprendedores, que se dieron cita para mostrar su trabajo, fomentando el turismo interno y dinamizando la econom\u00eda de la zona.<\/p>\n\n\n\n<figure class=\"wp-block-image size-large\"><img decoding=\"async\" width=\"1024\" height=\"682\" src=\"https:\/\/entretormentas.com\/wp-content\/uploads\/2026\/04\/image-687-1024x682.png\" alt=\"\" class=\"wp-image-31783\" srcset=\"https:\/\/entretormentas.com\/wp-content\/uploads\/2026\/04\/image-687-1024x682.png 1024w, https:\/\/entretormentas.com\/wp-content\/uploads\/2026\/04\/image-687-300x200.png 300w, https:\/\/entretormentas.com\/wp-content\/uploads\/2026\/04\/image-687-768x512.png 768w, https:\/\/entretormentas.com\/wp-content\/uploads\/2026\/04\/image-687.png 1280w\" sizes=\"(max-width: 1024px) 100vw, 1024px\" \/><\/figure>\n\n\n\n<p>La emprendedora de joyer\u00eda artesanal, Mariela Urdaneta, manifest\u00f3 que esta iniciativa es una oportunidad para que los emprendedores y artesanos muestren sus productos, porque en otros eventos no les ofrecen facilidades para participar.<\/p>\n\n\n\n<p>Yuliany M\u00e9ndez con su emprendimiento \u201cYuyi artesana\u201d, fabrica bisuter\u00eda y tejido artesanal, coment\u00f3 que, gracias a la Alcald\u00eda Bolivariana de Maracaibo, ha logrado dar a conocer su marca y vender sus artesan\u00edas.<\/p>\n\n\n\n<p>La retreta cont\u00f3 con un importante despliegue de seguridad. El resguardo estuvo a cargo de los cuerpos de la Polic\u00eda Municipal, quienes custodiaron los espacios, y se dispuso de ambulancias, para brindar respuesta inmediata ante cualquier eventualidad.<br><strong><em>ET \/ Prensa Alcald\u00eda de Maracaibo<\/em><\/strong><\/p>\n","protected":false},"excerpt":{"rendered":"<p>ENTRE TORMENTAS. El boulevard de Santa Luc\u00eda fue el escenario donde m\u00e1s de 600 marabinos&#8230;<\/p>\n","protected":false},"author":2,"featured_media":31782,"comment_status":"closed","ping_status":"open","sticky":false,"template":"","format":"standard","meta":{"footnotes":""},"categories":[1],"tags":[],"class_list":["post-31781","post","type-post","status-publish","format-standard","has-post-thumbnail","hentry","category-regionales"],"_links":{"self":[{"href":"https:\/\/entretormentas.com\/index.php?rest_route=\/wp\/v2\/posts\/31781","targetHints":{"allow":["GET"]}}],"collection":[{"href":"https:\/\/entretormentas.com\/index.php?rest_route=\/wp\/v2\/posts"}],"about":[{"href":"https:\/\/entretormentas.com\/index.php?rest_route=\/wp\/v2\/types\/post"}],"author":[{"embeddable":true,"href":"https:\/\/entretormentas.com\/index.php?rest_route=\/wp\/v2\/users\/2"}],"replies":[{"embeddable":true,"href":"https:\/\/entretormentas.com\/index.php?rest_route=%2Fwp%2Fv2%2Fcomments&post=31781"}],"version-history":[{"count":1,"href":"https:\/\/entretormentas.com\/index.php?rest_route=\/wp\/v2\/posts\/31781\/revisions"}],"predecessor-version":[{"id":31785,"href":"https:\/\/entretormentas.com\/index.php?rest_route=\/wp\/v2\/posts\/31781\/revisions\/31785"}],"wp:featuredmedia":[{"embeddable":true,"href":"https:\/\/entretormentas.com\/index.php?rest_route=\/wp\/v2\/media\/31782"}],"wp:attachment":[{"href":"https:\/\/entretormentas.com\/index.php?rest_route=%2Fwp%2Fv2%2Fmedia&parent=31781"}],"wp:term":[{"taxonomy":"category","embeddable":true,"href":"https:\/\/entretormentas.com\/index.php?rest_route=%2Fwp%2Fv2%2Fcategories&post=31781"},{"taxonomy":"post_tag","embeddable":true,"href":"https:\/\/entretormentas.com\/index.php?rest_route=%2Fwp%2Fv2%2Ftags&post=31781"}],"curies":[{"name":"wp","href":"https:\/\/api.w.org\/{rel}","templated":true}]}}