{"id":31786,"date":"2026-04-27T03:37:30","date_gmt":"2026-04-27T07:37:30","guid":{"rendered":"https:\/\/entretormentas.com\/?p=31786"},"modified":"2026-04-27T03:37:30","modified_gmt":"2026-04-27T07:37:30","slug":"con-nuevas-herramientas-tecnologicas-gobernador-caldera-impulsa-la-educacion-en-jesus-enrique-lossada","status":"publish","type":"post","link":"https:\/\/entretormentas.com\/con-nuevas-herramientas-tecnologicas-gobernador-caldera-impulsa-la-educacion-en-jesus-enrique-lossada\/","title":{"rendered":"\u00a1CON NUEVAS HERRAMIENTAS TECNOL\u00d3GICAS! Gobernador Caldera impulsa la educaci\u00f3n en Jes\u00fas Enrique Lossada"},"content":{"rendered":"\n<p><strong>ENTRE TORMENTAS.<\/strong> En agenda de trabajo en el municipio Jes\u00fas Enrique Lossada, el gobernador del estado Zulia, Luis Caldera, encabez\u00f3 la entrega de una importante dotaci\u00f3n de implementos educativos y herramientas tecnol\u00f3gicas en la Unidad Educativa Jes\u00fas Enrique Lossada, ubicada en la comunidad El Molino.<\/p>\n\n\n\n<p>El mandatario regional lider\u00f3 este despliegue junto a la viceministra del Poder Popular para los Pueblos Ind\u00edgenas, Marianny Romero; el alcalde de la localidad, Carlos Colina, y la Autoridad \u00danica de Educaci\u00f3n en el Zulia, Yamily Su\u00e1rez.<\/p>\n\n\n\n<p>Durante la actividad, se hizo entrega formal de \u00fatiles escolares, equipos de computaci\u00f3n y una dotaci\u00f3n completa de cocina, elementos fundamentales para garantizar el desarrollo pedag\u00f3gico y la seguridad alimentaria de los estudiantes del sector.<\/p>\n\n\n\n<figure class=\"wp-block-image size-large\"><img fetchpriority=\"high\" decoding=\"async\" width=\"1024\" height=\"768\" src=\"https:\/\/entretormentas.com\/wp-content\/uploads\/2026\/04\/image-690-1024x768.png\" alt=\"\" class=\"wp-image-31788\" srcset=\"https:\/\/entretormentas.com\/wp-content\/uploads\/2026\/04\/image-690-1024x768.png 1024w, https:\/\/entretormentas.com\/wp-content\/uploads\/2026\/04\/image-690-300x225.png 300w, https:\/\/entretormentas.com\/wp-content\/uploads\/2026\/04\/image-690-768x576.png 768w, https:\/\/entretormentas.com\/wp-content\/uploads\/2026\/04\/image-690.png 1280w\" sizes=\"(max-width: 1024px) 100vw, 1024px\" \/><\/figure>\n\n\n\n<p>En un emotivo momento de la jornada, bajo una lluvia bendita que no opac\u00f3 la alegr\u00eda del encuentro y con el entusiasta recibimiento de los alumnos, quienes entre aplausos y sonrisas dieron la bienvenida a las autoridades, el gobernador Caldera dedic\u00f3 palabras de agradecimiento a los maestros, maestras y personal administrativo presente.<\/p>\n\n\n\n<p>\u00abQuiero expresar mi m\u00e1s profundo agradecimiento a todos los docentes de este municipio. Ustedes son los pilares de nuestra sociedad y, a pesar de las dificultades, siguen all\u00ed con m\u00edstica y amor educando al futuro de la patria. Cuenten con nosotros para seguir dignificando su labor\u00bb, afirm\u00f3 el mandatario.<\/p>\n\n\n\n<p>Joelisy Finol, directora de la instituci\u00f3n, inform\u00f3 que la unidad educativa cuenta con una matr\u00edcula de 649 ni\u00f1os y ni\u00f1as, quienes se ver\u00e1n beneficiados directamente con esta dotaci\u00f3n.<\/p>\n\n\n\n<figure class=\"wp-block-image size-large\"><img decoding=\"async\" width=\"1024\" height=\"768\" src=\"https:\/\/entretormentas.com\/wp-content\/uploads\/2026\/04\/image-691-1024x768.png\" alt=\"\" class=\"wp-image-31789\" srcset=\"https:\/\/entretormentas.com\/wp-content\/uploads\/2026\/04\/image-691-1024x768.png 1024w, https:\/\/entretormentas.com\/wp-content\/uploads\/2026\/04\/image-691-300x225.png 300w, https:\/\/entretormentas.com\/wp-content\/uploads\/2026\/04\/image-691-768x576.png 768w, https:\/\/entretormentas.com\/wp-content\/uploads\/2026\/04\/image-691.png 1280w\" sizes=\"(max-width: 1024px) 100vw, 1024px\" \/><\/figure>\n\n\n\n<p>Destac\u00f3 la importancia de los equipos tecnol\u00f3gicos para el nivel acad\u00e9mico de los j\u00f3venes que cursan hasta el tercer a\u00f1o de secundaria y subray\u00f3 que, tras 20 a\u00f1os de espera, la instituci\u00f3n recibe el apoyo que redundar\u00e1 en su desarrollo educativo.<\/p>\n\n\n\n<p>\u00abNuestro prop\u00f3sito es que estos ni\u00f1os salgan adelante y se desenvuelvan en la sociedad de manera amplia. Con el equipo de computaci\u00f3n trabajar\u00e1n con tecnolog\u00eda que les hac\u00eda mucha falta aprender. Es un conocimiento necesario para cuando pasen a otras instituciones; la tecnolog\u00eda bien utilizada es una herramienta indispensable para su desarrollo profesional\u00bb, explic\u00f3.<\/p>\n\n\n\n<p>Con esta entrega, que form\u00f3 parte de la intensa gira municipal de este viernes 24 de abril, la gesti\u00f3n regional contin\u00faa trabajando de la mano con las comunidades, las autoridades nacionales y municipales para elevar la calidad educativa en todo el territorio zuliano.<br><strong><em>ET \/ Prensa Gobernaci\u00f3n del Zulia<\/em><\/strong><\/p>\n\n\n\n<p><\/p>\n","protected":false},"excerpt":{"rendered":"<p>ENTRE TORMENTAS. En agenda de trabajo en el municipio Jes\u00fas Enrique Lossada, el gobernador del&#8230;<\/p>\n","protected":false},"author":2,"featured_media":31787,"comment_status":"closed","ping_status":"open","sticky":false,"template":"","format":"standard","meta":{"footnotes":""},"categories":[57,1],"tags":[],"class_list":["post-31786","post","type-post","status-publish","format-standard","has-post-thumbnail","hentry","category-actualidad","category-regionales"],"_links":{"self":[{"href":"https:\/\/entretormentas.com\/index.php?rest_route=\/wp\/v2\/posts\/31786","targetHints":{"allow":["GET"]}}],"collection":[{"href":"https:\/\/entretormentas.com\/index.php?rest_route=\/wp\/v2\/posts"}],"about":[{"href":"https:\/\/entretormentas.com\/index.php?rest_route=\/wp\/v2\/types\/post"}],"author":[{"embeddable":true,"href":"https:\/\/entretormentas.com\/index.php?rest_route=\/wp\/v2\/users\/2"}],"replies":[{"embeddable":true,"href":"https:\/\/entretormentas.com\/index.php?rest_route=%2Fwp%2Fv2%2Fcomments&post=31786"}],"version-history":[{"count":1,"href":"https:\/\/entretormentas.com\/index.php?rest_route=\/wp\/v2\/posts\/31786\/revisions"}],"predecessor-version":[{"id":31790,"href":"https:\/\/entretormentas.com\/index.php?rest_route=\/wp\/v2\/posts\/31786\/revisions\/31790"}],"wp:featuredmedia":[{"embeddable":true,"href":"https:\/\/entretormentas.com\/index.php?rest_route=\/wp\/v2\/media\/31787"}],"wp:attachment":[{"href":"https:\/\/entretormentas.com\/index.php?rest_route=%2Fwp%2Fv2%2Fmedia&parent=31786"}],"wp:term":[{"taxonomy":"category","embeddable":true,"href":"https:\/\/entretormentas.com\/index.php?rest_route=%2Fwp%2Fv2%2Fcategories&post=31786"},{"taxonomy":"post_tag","embeddable":true,"href":"https:\/\/entretormentas.com\/index.php?rest_route=%2Fwp%2Fv2%2Ftags&post=31786"}],"curies":[{"name":"wp","href":"https:\/\/api.w.org\/{rel}","templated":true}]}}