{"id":31791,"date":"2026-04-27T03:40:27","date_gmt":"2026-04-27T07:40:27","guid":{"rendered":"https:\/\/entretormentas.com\/?p=31791"},"modified":"2026-04-27T03:40:27","modified_gmt":"2026-04-27T07:40:27","slug":"aclaratoria-arreaza-asegura-que-ley-de-amnistia-sigue-vigente-y-aun-reciben-solicitudes","status":"publish","type":"post","link":"https:\/\/entretormentas.com\/aclaratoria-arreaza-asegura-que-ley-de-amnistia-sigue-vigente-y-aun-reciben-solicitudes\/","title":{"rendered":"\u00a1ACLARATORIA! Arreaza asegura que Ley de Amnist\u00eda sigue vigente y a\u00fan reciben solicitudes"},"content":{"rendered":"\n<p><strong>ENTRE TORMENTAS. <\/strong>El presidente de la Comisi\u00f3n de Seguimiento de la Ley de Amnist\u00eda, Jorge Arreaza, asegur\u00f3 que el instrumento legal aprobado el pasado 19 de febrero se mantiene vigente y que las autoridades contin\u00faan recibiendo solicitudes para su evaluaci\u00f3n.<\/p>\n\n\n\n<p>A trav\u00e9s de sus redes sociales, el funcionario explic\u00f3 que la norma ya ha beneficiado \u201ca pr\u00e1cticamente todo el universo de personas\u201d que pod\u00edan ser amparadas bajo este mecanismo.<\/p>\n\n\n\n<p>No obstante, precis\u00f3 que a\u00fan se mantiene abierto el proceso de recepci\u00f3n de casos, en medio de dudas generadas tras recientes declaraciones oficiales sobre el alcance de la medida.<\/p>\n\n\n\n<p>Arreaza tambi\u00e9n indic\u00f3 que la presidenta encargada, Delcy Rodr\u00edguez, activ\u00f3 \u201cotros mecanismos\u201d para atender situaciones que no quedaron contempladas dentro de la Ley de Amnist\u00eda.<\/p>\n\n\n\n<p>Seg\u00fan detall\u00f3, estas v\u00edas alternativas permitir\u00edan revisar expedientes por otras instancias judiciales, ampliando las opciones para quienes no calificaron dentro del beneficio inicial.<\/p>\n\n\n\n<p>El pronunciamiento busca aclarar el estatus de la ley, en un contexto donde persisten cuestionamientos sobre su aplicaci\u00f3n y alcance real dentro del sistema judicial venezolano.<br><strong><em>ET \/ Agencias<\/em><\/strong><\/p>\n","protected":false},"excerpt":{"rendered":"<p>ENTRE TORMENTAS. El presidente de la Comisi\u00f3n de Seguimiento de la Ley de Amnist\u00eda, Jorge&#8230;<\/p>\n","protected":false},"author":2,"featured_media":31792,"comment_status":"closed","ping_status":"open","sticky":false,"template":"","format":"standard","meta":{"footnotes":""},"categories":[56,49],"tags":[],"class_list":["post-31791","post","type-post","status-publish","format-standard","has-post-thumbnail","hentry","category-destacadas","category-nacionales"],"_links":{"self":[{"href":"https:\/\/entretormentas.com\/index.php?rest_route=\/wp\/v2\/posts\/31791","targetHints":{"allow":["GET"]}}],"collection":[{"href":"https:\/\/entretormentas.com\/index.php?rest_route=\/wp\/v2\/posts"}],"about":[{"href":"https:\/\/entretormentas.com\/index.php?rest_route=\/wp\/v2\/types\/post"}],"author":[{"embeddable":true,"href":"https:\/\/entretormentas.com\/index.php?rest_route=\/wp\/v2\/users\/2"}],"replies":[{"embeddable":true,"href":"https:\/\/entretormentas.com\/index.php?rest_route=%2Fwp%2Fv2%2Fcomments&post=31791"}],"version-history":[{"count":1,"href":"https:\/\/entretormentas.com\/index.php?rest_route=\/wp\/v2\/posts\/31791\/revisions"}],"predecessor-version":[{"id":31793,"href":"https:\/\/entretormentas.com\/index.php?rest_route=\/wp\/v2\/posts\/31791\/revisions\/31793"}],"wp:featuredmedia":[{"embeddable":true,"href":"https:\/\/entretormentas.com\/index.php?rest_route=\/wp\/v2\/media\/31792"}],"wp:attachment":[{"href":"https:\/\/entretormentas.com\/index.php?rest_route=%2Fwp%2Fv2%2Fmedia&parent=31791"}],"wp:term":[{"taxonomy":"category","embeddable":true,"href":"https:\/\/entretormentas.com\/index.php?rest_route=%2Fwp%2Fv2%2Fcategories&post=31791"},{"taxonomy":"post_tag","embeddable":true,"href":"https:\/\/entretormentas.com\/index.php?rest_route=%2Fwp%2Fv2%2Ftags&post=31791"}],"curies":[{"name":"wp","href":"https:\/\/api.w.org\/{rel}","templated":true}]}}