{"id":31801,"date":"2026-04-27T03:48:49","date_gmt":"2026-04-27T07:48:49","guid":{"rendered":"https:\/\/entretormentas.com\/?p=31801"},"modified":"2026-04-27T03:48:50","modified_gmt":"2026-04-27T07:48:50","slug":"2da-visita-de-estado-delcy-rodriguez-llega-a-barbados-para-cumplir-agenda-estrategica","status":"publish","type":"post","link":"https:\/\/entretormentas.com\/2da-visita-de-estado-delcy-rodriguez-llega-a-barbados-para-cumplir-agenda-estrategica\/","title":{"rendered":"\u00a12DA VISITA DE ESTADO! Delcy Rodr\u00edguez llega a Barbados para cumplir agenda estrat\u00e9gica"},"content":{"rendered":"\n<p><strong>ENTRE TORMENTAS. <\/strong>La presidenta encargada de la Rep\u00fablica de Venezuela, Delcy Rodr\u00edguez, arrib\u00f3 este domingo al Aeropuerto Internacional Grantley Adams, en Bridgetown, para dar inicio a una visita oficial de Estado a Barbados.<\/p>\n\n\n\n<p>Esta jornada representa la segunda gira internacional de la mandataria encargada, d\u00e1ndole continuidad a su agenda de integraci\u00f3n regional tras la visita oficial realizada a Grenada el pasado 9 de abril.<\/p>\n\n\n\n<figure class=\"wp-block-image size-full\"><img fetchpriority=\"high\" decoding=\"async\" width=\"768\" height=\"512\" src=\"https:\/\/entretormentas.com\/wp-content\/uploads\/2026\/04\/image-697.png\" alt=\"\" class=\"wp-image-31803\" srcset=\"https:\/\/entretormentas.com\/wp-content\/uploads\/2026\/04\/image-697.png 768w, https:\/\/entretormentas.com\/wp-content\/uploads\/2026\/04\/image-697-300x200.png 300w\" sizes=\"(max-width: 768px) 100vw, 768px\" \/><\/figure>\n\n\n\n<p>A su llegada a suelo barbadense, la Presidenta (E) Rodr\u00edguez fue recibida con los honores correspondientes a su alta investidura por Christopher Peter, canciller de Barbados, Kerrie Symmonds, quien estuvo acompa\u00f1ada por autoridades locales y el cuerpo diplom\u00e1tico acreditado.<\/p>\n\n\n\n<p>Por parte de la Rep\u00fablica de Venezuela, la Mandataria Encargada estuvo acompa\u00f1ada en su llegada a Barbados, por: Martha Ortega, encargada de Negocios de Venezuela; Ra\u00fal Li Causi, viceministro para el Caribe; Miguel P\u00e9rez Pirela, vicepresidente Sectorial de Comunicaci\u00f3n y Cultura; y el Capit\u00e1n Juan Escalona, ministro del Poder Popular para el Despacho de la Presidencia.<\/p>\n\n\n\n<p>Este recibimiento subraya la solidez de las relaciones entre ambas naciones y el reconocimiento mutuo como socios estrat\u00e9gicos del Caribe.<\/p>\n\n\n\n<p>Durante su estancia, la presidenta encargada, Delcy Rodr\u00edguez, desarrollar\u00e1 una amplia agenda de trabajo con autoridades al m\u00e1s alto nivel con el objetivo de profundizar la integraci\u00f3n estrat\u00e9gica y la cooperaci\u00f3n \u00abganar-ganar\u00bb en \u00e1reas claves para el desarrollo social y econ\u00f3mico.<\/p>\n\n\n\n<figure class=\"wp-block-image size-full\"><img decoding=\"async\" width=\"768\" height=\"895\" src=\"https:\/\/entretormentas.com\/wp-content\/uploads\/2026\/04\/image-698.png\" alt=\"\" class=\"wp-image-31804\" srcset=\"https:\/\/entretormentas.com\/wp-content\/uploads\/2026\/04\/image-698.png 768w, https:\/\/entretormentas.com\/wp-content\/uploads\/2026\/04\/image-698-257x300.png 257w\" sizes=\"(max-width: 768px) 100vw, 768px\" \/><\/figure>\n\n\n\n<p>Este encuentro se enmarca en los principios de la solidaridad, hermandad, respeto mutuo y buscando fortalecer los mecanismos de concertaci\u00f3n pol\u00edtica y econ\u00f3mica que benefician a ambos pueblos.<\/p>\n\n\n\n<p>Es importante destacar que a inicios del presente a\u00f1o, la presidenta Delcy Rodr\u00edguez envi\u00f3 un mensaje de reconocimiento y felicitaci\u00f3n al pueblo de Barbados por su exitoso y ejemplar proceso electoral. Dicho gesto reafirm\u00f3 la voluntad de Venezuela de mantener lazos de hermandad y respeto con las naciones caribe\u00f1as.<\/p>\n\n\n\n<p>Con esta segunda visita de Estado, la Presidenta Encargada reafirma el compromiso del Gobierno Bolivariano con la unidad de la regi\u00f3n, posicionando al Caribe como una regi\u00f3n estrat\u00e9gica.<br><strong><em>ET \/ Prensa Presidencial<\/em><\/strong><\/p>\n\n\n\n<p><\/p>\n","protected":false},"excerpt":{"rendered":"<p>ENTRE TORMENTAS. La presidenta encargada de la Rep\u00fablica de Venezuela, Delcy Rodr\u00edguez, arrib\u00f3 este domingo&#8230;<\/p>\n","protected":false},"author":2,"featured_media":31802,"comment_status":"closed","ping_status":"open","sticky":false,"template":"","format":"standard","meta":{"footnotes":""},"categories":[56,48],"tags":[],"class_list":["post-31801","post","type-post","status-publish","format-standard","has-post-thumbnail","hentry","category-destacadas","category-internacionales"],"_links":{"self":[{"href":"https:\/\/entretormentas.com\/index.php?rest_route=\/wp\/v2\/posts\/31801","targetHints":{"allow":["GET"]}}],"collection":[{"href":"https:\/\/entretormentas.com\/index.php?rest_route=\/wp\/v2\/posts"}],"about":[{"href":"https:\/\/entretormentas.com\/index.php?rest_route=\/wp\/v2\/types\/post"}],"author":[{"embeddable":true,"href":"https:\/\/entretormentas.com\/index.php?rest_route=\/wp\/v2\/users\/2"}],"replies":[{"embeddable":true,"href":"https:\/\/entretormentas.com\/index.php?rest_route=%2Fwp%2Fv2%2Fcomments&post=31801"}],"version-history":[{"count":1,"href":"https:\/\/entretormentas.com\/index.php?rest_route=\/wp\/v2\/posts\/31801\/revisions"}],"predecessor-version":[{"id":31805,"href":"https:\/\/entretormentas.com\/index.php?rest_route=\/wp\/v2\/posts\/31801\/revisions\/31805"}],"wp:featuredmedia":[{"embeddable":true,"href":"https:\/\/entretormentas.com\/index.php?rest_route=\/wp\/v2\/media\/31802"}],"wp:attachment":[{"href":"https:\/\/entretormentas.com\/index.php?rest_route=%2Fwp%2Fv2%2Fmedia&parent=31801"}],"wp:term":[{"taxonomy":"category","embeddable":true,"href":"https:\/\/entretormentas.com\/index.php?rest_route=%2Fwp%2Fv2%2Fcategories&post=31801"},{"taxonomy":"post_tag","embeddable":true,"href":"https:\/\/entretormentas.com\/index.php?rest_route=%2Fwp%2Fv2%2Ftags&post=31801"}],"curies":[{"name":"wp","href":"https:\/\/api.w.org\/{rel}","templated":true}]}}