{"id":31817,"date":"2026-04-28T03:10:59","date_gmt":"2026-04-28T07:10:59","guid":{"rendered":"https:\/\/entretormentas.com\/?p=31817"},"modified":"2026-04-28T03:11:00","modified_gmt":"2026-04-28T07:11:00","slug":"despliegue-social-gobernacion-brinda-atencion-medica-en-el-sector-las-granjas-de-lagunillas","status":"publish","type":"post","link":"https:\/\/entretormentas.com\/despliegue-social-gobernacion-brinda-atencion-medica-en-el-sector-las-granjas-de-lagunillas\/","title":{"rendered":"\u00a1DESPLIEGUE SOCIAL! Gobernaci\u00f3n brinda atenci\u00f3n m\u00e9dica en el sector Las Granjas de Lagunillas"},"content":{"rendered":"\n<p><br><strong>ENTRE TORMENTAS.<\/strong>\u200e El sector Las Granjas del municipio Lagunillas fue escenario de una exitosa Jornada Social M\u00e9dica-Odontol\u00f3gica, un evento que reafirm\u00f3 el compromiso de atenci\u00f3n directa a las familias zulianas mediante un esfuerzo articulado entre el Gobierno Nacional y regional.<br>\u200e<br>\u200eEsta jornada forma parte de las pol\u00edticas de protecci\u00f3n social impulsadas por el Gobierno Bolivariano del presidente Nicol\u00e1s Maduro, bajo la gesti\u00f3n de la presidenta encargada, Delcy Rodr\u00edguez y, en estado Zulia, con el liderazgo del gobernador Luis Caldera, quien instruy\u00f3 priorizar la atenci\u00f3n en las comunidades m\u00e1s vulnerables.<br>\u200e<br>\u200eLa actividad fue supervisada por la secretaria de Desarrollo Social, Yuris G\u00f3mez, quien destac\u00f3 que el \u00e9xito de la jornada responde a un trabajo en conjunto entre las instituciones del Estado y la Fundaci\u00f3n Vida Zulia.<\/p>\n\n\n\n<figure class=\"wp-block-image size-large\"><img fetchpriority=\"high\" decoding=\"async\" width=\"1024\" height=\"731\" src=\"https:\/\/entretormentas.com\/wp-content\/uploads\/2026\/04\/image-703-1024x731.png\" alt=\"\" class=\"wp-image-31819\" srcset=\"https:\/\/entretormentas.com\/wp-content\/uploads\/2026\/04\/image-703-1024x731.png 1024w, https:\/\/entretormentas.com\/wp-content\/uploads\/2026\/04\/image-703-300x214.png 300w, https:\/\/entretormentas.com\/wp-content\/uploads\/2026\/04\/image-703-768x548.png 768w, https:\/\/entretormentas.com\/wp-content\/uploads\/2026\/04\/image-703.png 1105w\" sizes=\"(max-width: 1024px) 100vw, 1024px\" \/><\/figure>\n\n\n\n<p>\u00abNuestra prioridad es traer bienestar integral a nuestra gente. Con el esfuerzo mancomunado, garantizamos que los servicios esenciales lleguen directamente a las Comunidades\u00bb, se\u00f1al\u00f3 la funcionaria durante el recorrido.<br>\u200e<br>\u200eLos habitantes de la zona accedieron a una amplia gama de servicios, que incluyeron medicina general, pediatr\u00eda, odontolog\u00eda, vacunaci\u00f3n, entrega de medicamentos gratuitos \u200ey peluquer\u00eda.<\/p>\n\n\n\n<p>Asimismo, se brind\u00f3 recreaci\u00f3n para los ni\u00f1os y atenci\u00f3n especializada a trav\u00e9s de Misi\u00f3n Nevado, Misi\u00f3n Robert Serra, Misi\u00f3n Robinson, Misi\u00f3n Barrio Adentro, Movimiento por la Paz y la Vida, Ivss, Inaas y Conadpi.<br>\u200e<br>\u200eEl despliegue tambi\u00e9n incluy\u00f3 una feria de alimentos con la presencia de Bodega Pdval, venta de pescado, charcuter\u00eda y postres, adem\u00e1s de asesor\u00eda integral en materia social para pensionados y adultos mayores.<br><strong><em>ET \/ Prensa Gobernaci\u00f3n del Zulia<\/em><\/strong><\/p>\n","protected":false},"excerpt":{"rendered":"<p>ENTRE TORMENTAS.\u200e El sector Las Granjas del municipio Lagunillas fue escenario de una exitosa Jornada&#8230;<\/p>\n","protected":false},"author":2,"featured_media":31818,"comment_status":"closed","ping_status":"open","sticky":false,"template":"","format":"standard","meta":{"footnotes":""},"categories":[1],"tags":[],"class_list":["post-31817","post","type-post","status-publish","format-standard","has-post-thumbnail","hentry","category-regionales"],"_links":{"self":[{"href":"https:\/\/entretormentas.com\/index.php?rest_route=\/wp\/v2\/posts\/31817","targetHints":{"allow":["GET"]}}],"collection":[{"href":"https:\/\/entretormentas.com\/index.php?rest_route=\/wp\/v2\/posts"}],"about":[{"href":"https:\/\/entretormentas.com\/index.php?rest_route=\/wp\/v2\/types\/post"}],"author":[{"embeddable":true,"href":"https:\/\/entretormentas.com\/index.php?rest_route=\/wp\/v2\/users\/2"}],"replies":[{"embeddable":true,"href":"https:\/\/entretormentas.com\/index.php?rest_route=%2Fwp%2Fv2%2Fcomments&post=31817"}],"version-history":[{"count":1,"href":"https:\/\/entretormentas.com\/index.php?rest_route=\/wp\/v2\/posts\/31817\/revisions"}],"predecessor-version":[{"id":31820,"href":"https:\/\/entretormentas.com\/index.php?rest_route=\/wp\/v2\/posts\/31817\/revisions\/31820"}],"wp:featuredmedia":[{"embeddable":true,"href":"https:\/\/entretormentas.com\/index.php?rest_route=\/wp\/v2\/media\/31818"}],"wp:attachment":[{"href":"https:\/\/entretormentas.com\/index.php?rest_route=%2Fwp%2Fv2%2Fmedia&parent=31817"}],"wp:term":[{"taxonomy":"category","embeddable":true,"href":"https:\/\/entretormentas.com\/index.php?rest_route=%2Fwp%2Fv2%2Fcategories&post=31817"},{"taxonomy":"post_tag","embeddable":true,"href":"https:\/\/entretormentas.com\/index.php?rest_route=%2Fwp%2Fv2%2Ftags&post=31817"}],"curies":[{"name":"wp","href":"https:\/\/api.w.org\/{rel}","templated":true}]}}