{"id":31826,"date":"2026-04-28T03:17:21","date_gmt":"2026-04-28T07:17:21","guid":{"rendered":"https:\/\/entretormentas.com\/?p=31826"},"modified":"2026-04-28T03:17:22","modified_gmt":"2026-04-28T07:17:22","slug":"despliegue-territorial-gobernador-caldera-impulsa-la-salud-la-vialidad-y-los-servicios-en-jesus-enrique-lossada","status":"publish","type":"post","link":"https:\/\/entretormentas.com\/despliegue-territorial-gobernador-caldera-impulsa-la-salud-la-vialidad-y-los-servicios-en-jesus-enrique-lossada\/","title":{"rendered":"\u00a1DESPLIEGUE TERRITORIAL! Gobernador Caldera impulsa la salud, la vialidad y los servicios en Jes\u00fas Enrique Lossada"},"content":{"rendered":"\n<p><strong>ENTRE TORMENTAS. <\/strong>En un despliegue de eficiencia gubernamental, el municipio Jes\u00fas Enrique Lossada recibi\u00f3 al gobernador Luis Caldera, quien impuls\u00f3 a una serie de obras estructurales, para el buen vivir de los lossade\u00f1os.<\/p>\n\n\n\n<p>El mandatario regional, junto al alcalde de la jurisdicci\u00f3n, Carlos Colina, encabez\u00f3 una jornada de trabajo en la parroquia Jos\u00e9 Ram\u00f3n Y\u00e9pez, centrada en la rehabilitaci\u00f3n asistencial y la recuperaci\u00f3n de servicios p\u00fablicos esenciales, bajo las directrices de la presidenta encargada Delcy Rodr\u00edguez,<\/p>\n\n\n\n<figure class=\"wp-block-image size-large\"><img fetchpriority=\"high\" decoding=\"async\" width=\"1024\" height=\"768\" src=\"https:\/\/entretormentas.com\/wp-content\/uploads\/2026\/04\/image-708-1024x768.png\" alt=\"\" class=\"wp-image-31828\" srcset=\"https:\/\/entretormentas.com\/wp-content\/uploads\/2026\/04\/image-708-1024x768.png 1024w, https:\/\/entretormentas.com\/wp-content\/uploads\/2026\/04\/image-708-300x225.png 300w, https:\/\/entretormentas.com\/wp-content\/uploads\/2026\/04\/image-708-768x576.png 768w, https:\/\/entretormentas.com\/wp-content\/uploads\/2026\/04\/image-708.png 1080w\" sizes=\"(max-width: 1024px) 100vw, 1024px\" \/><\/figure>\n\n\n\n<p>El punto de partida de esta gira fue la inspecci\u00f3n t\u00e9cnica para la incorporaci\u00f3n de la Cl\u00ednica Popular Tipo II La Paz al Plan Cayapa de la Salud. Este centro m\u00e9dico se proyecta como el n\u00facleo de atenci\u00f3n inmediata para los habitantes de esta zona fronteriza, mediante una intervenci\u00f3n que contempla tres etapas fundamentales para su puesta en marcha \u00f3ptima.<\/p>\n\n\n\n<p>\u201cLlegamos a la Cl\u00ednica Popular donde realizamos una inspecci\u00f3n para lo que ser\u00e1 la incorporaci\u00f3n al Plan Cayapa de la Salud en sus diferentes \u00e1reas. La primera tiene que ver con observaci\u00f3n, hospitalizaci\u00f3n, triaje y sala de trauma shock; la segunda con la sala de parto y el puerperio inmediato; y la tercera fase con el \u00e1rea de consulta, laboratorio, odontolog\u00eda y epidemiolog\u00eda\u201d, detall\u00f3 el gobernador Caldera.<\/p>\n\n\n\n<p>Esta transformaci\u00f3n busca garantizar que el pueblo de La Paz cuente con instalaciones modernas y capacidad de respuesta m\u00e9dica en todas sus especialidades.<\/p>\n\n\n\n<p><strong>OFENSIVA DE ASFALTADO<\/strong><br>De forma paralela a las mejoras en salud, el gobernador activ\u00f3 el Plan Estadal de Asfaltado, el cual dispone de tres mil toneladas m\u00e9tricas de mezcla asf\u00e1ltica en caliente. Los trabajos se concentran en el Campo Boyac\u00e1 y en la carretera principal que comunica a la poblaci\u00f3n de La Paz con La Concepci\u00f3n, una de las arterias viales m\u00e1s importantes de la jurisdicci\u00f3n.<\/p>\n\n\n\n<figure class=\"wp-block-image size-large\"><img decoding=\"async\" width=\"1024\" height=\"768\" src=\"https:\/\/entretormentas.com\/wp-content\/uploads\/2026\/04\/image-709-1024x768.png\" alt=\"\" class=\"wp-image-31829\" srcset=\"https:\/\/entretormentas.com\/wp-content\/uploads\/2026\/04\/image-709-1024x768.png 1024w, https:\/\/entretormentas.com\/wp-content\/uploads\/2026\/04\/image-709-300x225.png 300w, https:\/\/entretormentas.com\/wp-content\/uploads\/2026\/04\/image-709-768x576.png 768w, https:\/\/entretormentas.com\/wp-content\/uploads\/2026\/04\/image-709.png 1080w\" sizes=\"(max-width: 1024px) 100vw, 1024px\" \/><\/figure>\n\n\n\n<p>El alcalde Colina, resalt\u00f3 que la obra impactar\u00e1 a m\u00e1s de 25 mil familias que hacen vida en estos sectores. El vocero comunal Dervis Oliveros calific\u00f3 la reparaci\u00f3n como un logro hist\u00f3rico para el casco central, tras a\u00f1os de deterioro vial.<\/p>\n\n\n\n<p><strong>SERVICIOS P\u00daBLICOS Y EDUCACI\u00d3N<\/strong><br>La agenda de gobierno en el territorio tambi\u00e9n incluy\u00f3 una revisi\u00f3n exhaustiva de la infraestructura escolar y el sistema el\u00e9ctrico. Como parte del compromiso con los circuitos comunales, se anunci\u00f3 la gesti\u00f3n inmediata para la sustituci\u00f3n de transformadores de distribuci\u00f3n en diversas escuelas y sectores residenciales, atendiendo directamente los planteamientos de los vecinos y deportistas de la zona.<\/p>\n\n\n\n<p>\u201cEstamos en gobierno de eficiencia en la calle, aqu\u00ed directamente y con este pueblo, que es un pueblo de producci\u00f3n, de tradici\u00f3n del campo y que amerita todo el apoyo del Gobierno Bolivariano\u201d, puntualiz\u00f3 el mandatario zuliano.<br><strong><em>ET \/ Prensa Gobernaci\u00f3n del Zulia<\/em><\/strong><\/p>\n\n\n\n<p><\/p>\n","protected":false},"excerpt":{"rendered":"<p>ENTRE TORMENTAS. En un despliegue de eficiencia gubernamental, el municipio Jes\u00fas Enrique Lossada recibi\u00f3 al&#8230;<\/p>\n","protected":false},"author":2,"featured_media":31827,"comment_status":"closed","ping_status":"open","sticky":false,"template":"","format":"standard","meta":{"footnotes":""},"categories":[1],"tags":[],"class_list":["post-31826","post","type-post","status-publish","format-standard","has-post-thumbnail","hentry","category-regionales"],"_links":{"self":[{"href":"https:\/\/entretormentas.com\/index.php?rest_route=\/wp\/v2\/posts\/31826","targetHints":{"allow":["GET"]}}],"collection":[{"href":"https:\/\/entretormentas.com\/index.php?rest_route=\/wp\/v2\/posts"}],"about":[{"href":"https:\/\/entretormentas.com\/index.php?rest_route=\/wp\/v2\/types\/post"}],"author":[{"embeddable":true,"href":"https:\/\/entretormentas.com\/index.php?rest_route=\/wp\/v2\/users\/2"}],"replies":[{"embeddable":true,"href":"https:\/\/entretormentas.com\/index.php?rest_route=%2Fwp%2Fv2%2Fcomments&post=31826"}],"version-history":[{"count":1,"href":"https:\/\/entretormentas.com\/index.php?rest_route=\/wp\/v2\/posts\/31826\/revisions"}],"predecessor-version":[{"id":31830,"href":"https:\/\/entretormentas.com\/index.php?rest_route=\/wp\/v2\/posts\/31826\/revisions\/31830"}],"wp:featuredmedia":[{"embeddable":true,"href":"https:\/\/entretormentas.com\/index.php?rest_route=\/wp\/v2\/media\/31827"}],"wp:attachment":[{"href":"https:\/\/entretormentas.com\/index.php?rest_route=%2Fwp%2Fv2%2Fmedia&parent=31826"}],"wp:term":[{"taxonomy":"category","embeddable":true,"href":"https:\/\/entretormentas.com\/index.php?rest_route=%2Fwp%2Fv2%2Fcategories&post=31826"},{"taxonomy":"post_tag","embeddable":true,"href":"https:\/\/entretormentas.com\/index.php?rest_route=%2Fwp%2Fv2%2Ftags&post=31826"}],"curies":[{"name":"wp","href":"https:\/\/api.w.org\/{rel}","templated":true}]}}