{"id":31845,"date":"2026-04-28T03:29:53","date_gmt":"2026-04-28T07:29:53","guid":{"rendered":"https:\/\/entretormentas.com\/?p=31845"},"modified":"2026-04-28T03:29:53","modified_gmt":"2026-04-28T07:29:53","slug":"en-el-municipio-baralt-gobernador-caldera-anuncia-rehabilitacion-de-iglesia-san-isidro-labrador","status":"publish","type":"post","link":"https:\/\/entretormentas.com\/en-el-municipio-baralt-gobernador-caldera-anuncia-rehabilitacion-de-iglesia-san-isidro-labrador\/","title":{"rendered":"\u00a1EN EL MUNICIPIO BARALT! Gobernador Caldera anuncia rehabilitaci\u00f3n de iglesia San Isidro Labrador"},"content":{"rendered":"\n<p><strong>ENTRE TORMENTAS.<\/strong> Un convenio permanente con la Iglesia San Isidro Labrador, situada en la parroquia Manuel Guanipa Matos del municipio Baralt, estableci\u00f3 el gobernador del Zulia, Luis Caldera. El mismo incluye la rehabilitaci\u00f3n integral del templo que estar\u00e1 dispuesto para el desarrollo de programas sociales, educativos y culturales de la poblaci\u00f3n El Venado.<\/p>\n\n\n\n<p>El acuerdo interinstitucional se realiza como parte del trabajo en el territorio este lunes 27 de abril en el municipio Baralt, ubicado en la Costa Oriental del Lago, acompa\u00f1ado por la primera dama Roselyn de Caldera; parte de su gabinete ejecutivo y del alcalde Samuel Contreras.<\/p>\n\n\n\n<figure class=\"wp-block-image size-full\"><img fetchpriority=\"high\" decoding=\"async\" width=\"984\" height=\"703\" src=\"https:\/\/entretormentas.com\/wp-content\/uploads\/2026\/04\/image-719.png\" alt=\"\" class=\"wp-image-31847\" srcset=\"https:\/\/entretormentas.com\/wp-content\/uploads\/2026\/04\/image-719.png 984w, https:\/\/entretormentas.com\/wp-content\/uploads\/2026\/04\/image-719-300x214.png 300w, https:\/\/entretormentas.com\/wp-content\/uploads\/2026\/04\/image-719-768x549.png 768w\" sizes=\"(max-width: 984px) 100vw, 984px\" \/><\/figure>\n\n\n\n<p>Para la rehabilitaci\u00f3n de esta iglesia, punto de encuentro comunitario y religioso de la localidad baraltiana, el Gobierno Regional entreg\u00f3 un aporte de 21 millones 500 mil bol\u00edvares, que ser\u00e1n invertidos en la rehabilitaci\u00f3n total del santuario que honra al patrono de los agricultores y la creaci\u00f3n de programas sociales.<\/p>\n\n\n\n<p>El mandatario regional calific\u00f3 esta iglesia como la \u00abpuerta de entrada\u00bb al Zulia y subray\u00f3 que el acuerdo instaura una relaci\u00f3n formal entre la Gobernaci\u00f3n del Zulia y la parroquia San Isidro Labrador para la comunidad de El Venado.<\/p>\n\n\n\n<p>\u00abEstamos aqu\u00ed para acompa\u00f1ar el esfuerzo que ya ven\u00eda haciendo el pueblo. El padre Romero y los grupos de apostolado hicieron un trabajo casa a casa, y hoy, como un solo Gobierno, nos sumamos para que esta comunidad campesina tenga su templo digno\u00bb, expres\u00f3 el gobernador, quien tambi\u00e9n reafirm\u00f3 su apoyo a la Di\u00f3cesis de Cabimas y a su nuevo obispo, Monse\u00f1or Nicol\u00e1s Nava.<\/p>\n\n\n\n<figure class=\"wp-block-image size-large\"><img decoding=\"async\" width=\"1024\" height=\"768\" src=\"https:\/\/entretormentas.com\/wp-content\/uploads\/2026\/04\/image-720-1024x768.png\" alt=\"\" class=\"wp-image-31848\" srcset=\"https:\/\/entretormentas.com\/wp-content\/uploads\/2026\/04\/image-720-1024x768.png 1024w, https:\/\/entretormentas.com\/wp-content\/uploads\/2026\/04\/image-720-300x225.png 300w, https:\/\/entretormentas.com\/wp-content\/uploads\/2026\/04\/image-720-768x576.png 768w, https:\/\/entretormentas.com\/wp-content\/uploads\/2026\/04\/image-720.png 1080w\" sizes=\"(max-width: 1024px) 100vw, 1024px\" \/><\/figure>\n\n\n\n<p>Por su parte, el alcalde Samuel Contreras destac\u00f3 la importancia de la articulaci\u00f3n institucional para lograr estas metas. \u00abServimos de enlace con la Gobernaci\u00f3n para dar este apoyo necesario. Estamos trabajando sobre la marcha, incluso frente a los desaf\u00edos del clima, para que nuestra gente pueda celebrar sus festividades religiosas en las mejores condiciones\u00bb, se\u00f1al\u00f3 la autoridad municipal.<\/p>\n\n\n\n<p>Yarelis Mosquera y Leydis Pereira, representantes de la comunidad organizada, manifestaron su satisfacci\u00f3n al ver concretada una petici\u00f3n que naci\u00f3 de la propia feligres\u00eda ante el deterioro del techo, que ya suma 30 a\u00f1os. La meta compartida entre autoridades y vecinos es reabrir las puertas del santuario.<br><strong><em>ET \/ Prensa Gobernaci\u00f3n del Zulia<\/em><\/strong><\/p>\n\n\n\n<p><\/p>\n","protected":false},"excerpt":{"rendered":"<p>ENTRE TORMENTAS. Un convenio permanente con la Iglesia San Isidro Labrador, situada en la parroquia&#8230;<\/p>\n","protected":false},"author":2,"featured_media":31846,"comment_status":"closed","ping_status":"open","sticky":false,"template":"","format":"standard","meta":{"footnotes":""},"categories":[57,1],"tags":[],"class_list":["post-31845","post","type-post","status-publish","format-standard","has-post-thumbnail","hentry","category-actualidad","category-regionales"],"_links":{"self":[{"href":"https:\/\/entretormentas.com\/index.php?rest_route=\/wp\/v2\/posts\/31845","targetHints":{"allow":["GET"]}}],"collection":[{"href":"https:\/\/entretormentas.com\/index.php?rest_route=\/wp\/v2\/posts"}],"about":[{"href":"https:\/\/entretormentas.com\/index.php?rest_route=\/wp\/v2\/types\/post"}],"author":[{"embeddable":true,"href":"https:\/\/entretormentas.com\/index.php?rest_route=\/wp\/v2\/users\/2"}],"replies":[{"embeddable":true,"href":"https:\/\/entretormentas.com\/index.php?rest_route=%2Fwp%2Fv2%2Fcomments&post=31845"}],"version-history":[{"count":1,"href":"https:\/\/entretormentas.com\/index.php?rest_route=\/wp\/v2\/posts\/31845\/revisions"}],"predecessor-version":[{"id":31849,"href":"https:\/\/entretormentas.com\/index.php?rest_route=\/wp\/v2\/posts\/31845\/revisions\/31849"}],"wp:featuredmedia":[{"embeddable":true,"href":"https:\/\/entretormentas.com\/index.php?rest_route=\/wp\/v2\/media\/31846"}],"wp:attachment":[{"href":"https:\/\/entretormentas.com\/index.php?rest_route=%2Fwp%2Fv2%2Fmedia&parent=31845"}],"wp:term":[{"taxonomy":"category","embeddable":true,"href":"https:\/\/entretormentas.com\/index.php?rest_route=%2Fwp%2Fv2%2Fcategories&post=31845"},{"taxonomy":"post_tag","embeddable":true,"href":"https:\/\/entretormentas.com\/index.php?rest_route=%2Fwp%2Fv2%2Ftags&post=31845"}],"curies":[{"name":"wp","href":"https:\/\/api.w.org\/{rel}","templated":true}]}}