{"id":31850,"date":"2026-04-28T03:33:00","date_gmt":"2026-04-28T07:33:00","guid":{"rendered":"https:\/\/entretormentas.com\/?p=31850"},"modified":"2026-04-28T03:33:00","modified_gmt":"2026-04-28T07:33:00","slug":"ana-clara-de-di-martino-red-ambulatoria-de-la-alcaldia-esta-disponible-para-semana-de-la-vacunacion-de-las-americas","status":"publish","type":"post","link":"https:\/\/entretormentas.com\/ana-clara-de-di-martino-red-ambulatoria-de-la-alcaldia-esta-disponible-para-semana-de-la-vacunacion-de-las-americas\/","title":{"rendered":"ANA CLARA DE DI MARTINO: \u201cRed ambulatoria de la Alcald\u00eda est\u00e1 disponible para Semana de la Vacunaci\u00f3n de Las Am\u00e9ricas\u201d"},"content":{"rendered":"\n<p><strong>ENTRE TORMENTAS.<\/strong> En ocasi\u00f3n del inicio de la Semana de la Vacunaci\u00f3n de Las Am\u00e9ricas 2026 que, este a\u00f1o se desarrollar\u00e1 del 25 de abril al 2 de mayo, la Alcald\u00eda de Maracaibo, pone a disposici\u00f3n de la colectividad, el Sistema Municipal de Salud a trav\u00e9s de los cinco ambulatorios ubicados en diversos puntos de la ciudad, as\u00ed lo inform\u00f3 Ana Clara Barboza de Di Martino, directora de Desarrollo Social del ayuntamiento marabino.<\/p>\n\n\n\n<p><strong>FORTALECIMIENTO DE LA SALUD PREVENTIVA<\/strong><br>La primera dama municipal destac\u00f3 que, la importancia de la campa\u00f1a de vacunaci\u00f3n de Las Am\u00e9ricas se fundamenta en la salud preventiva, \u00abestamos iniciando la Semana de la Vacunaci\u00f3n de las Am\u00e9ricas que, es una manera de recordar la importancia de la prevenci\u00f3n, para lograr la inmunizaci\u00f3n.<\/p>\n\n\n\n<p>\u201cEs un llamado colectivo para evitar pandemias, cualquier tipo de epidemia y Maracaibo no escapa de eso. Despu\u00e9s de toda la experiencia que tuvimos con el Covid, el llamado es a inmunizar a los ni\u00f1os y ni\u00f1as, que puedan cumplir con su tabla de vacunaci\u00f3n y, que una buena parte de ella la provee el Ministerio del Poder Popular para la Salud. La vacunaci\u00f3n va dirigida a toda la poblaci\u00f3n\u00bb, destac\u00f3.<\/p>\n\n\n\n<figure class=\"wp-block-image size-large\"><img fetchpriority=\"high\" decoding=\"async\" width=\"791\" height=\"1024\" src=\"https:\/\/entretormentas.com\/wp-content\/uploads\/2026\/04\/image-722-791x1024.png\" alt=\"\" class=\"wp-image-31852\" srcset=\"https:\/\/entretormentas.com\/wp-content\/uploads\/2026\/04\/image-722-791x1024.png 791w, https:\/\/entretormentas.com\/wp-content\/uploads\/2026\/04\/image-722-232x300.png 232w, https:\/\/entretormentas.com\/wp-content\/uploads\/2026\/04\/image-722-768x994.png 768w, https:\/\/entretormentas.com\/wp-content\/uploads\/2026\/04\/image-722.png 836w\" sizes=\"(max-width: 791px) 100vw, 791px\" \/><\/figure>\n\n\n\n<p>Se\u00f1al\u00f3, \u00abesto es un recordatorio que hacemos desde el municipio con esta Caravana de la Alegr\u00eda, con todos nuestros m\u00e9dicos del Sistema Municipal de Salud para recordar la importancia que tiene la vacunaci\u00f3n.<\/p>\n\n\n\n<p>Reiter\u00f3 el llamado a asistir a los centros a vacunarse, \u00abnosotros en Maracaibo tenemos cinco ambulatorios, ubicados en diferentes parroquias que cubren todo el territorio marabino, tambi\u00e9n contamos con el centro de salud Coraz\u00f3n de mi Pueblo, en la sede de la Alcald\u00eda y aprovechamos para hacer un llamado a los trabajadores para que asistan y se vacunen, la prevenci\u00f3n es lo esencial\u00bb, dijo.<\/p>\n\n\n\n<p>Este a\u00f1o el lema de la Campa\u00f1a de Vacunaci\u00f3n de Las Am\u00e9ricas es \u00abTu decisi\u00f3n marca la diferencia\u00bb y hay dosis disponibles para inmunizar a la poblaci\u00f3n de las siguientes patolog\u00edas: sarampi\u00f3n, tosferina, polio, fiebre amarilla, difteria, influenza, virus sincitial respiratorio y COVID-19.<br><strong><em>ET \/ Prensa Alcald\u00eda de Maracaibo<\/em><\/strong><\/p>\n\n\n\n<p><\/p>\n","protected":false},"excerpt":{"rendered":"<p>ENTRE TORMENTAS. En ocasi\u00f3n del inicio de la Semana de la Vacunaci\u00f3n de Las Am\u00e9ricas&#8230;<\/p>\n","protected":false},"author":2,"featured_media":31851,"comment_status":"closed","ping_status":"open","sticky":false,"template":"","format":"standard","meta":{"footnotes":""},"categories":[57,1],"tags":[],"class_list":["post-31850","post","type-post","status-publish","format-standard","has-post-thumbnail","hentry","category-actualidad","category-regionales"],"_links":{"self":[{"href":"https:\/\/entretormentas.com\/index.php?rest_route=\/wp\/v2\/posts\/31850","targetHints":{"allow":["GET"]}}],"collection":[{"href":"https:\/\/entretormentas.com\/index.php?rest_route=\/wp\/v2\/posts"}],"about":[{"href":"https:\/\/entretormentas.com\/index.php?rest_route=\/wp\/v2\/types\/post"}],"author":[{"embeddable":true,"href":"https:\/\/entretormentas.com\/index.php?rest_route=\/wp\/v2\/users\/2"}],"replies":[{"embeddable":true,"href":"https:\/\/entretormentas.com\/index.php?rest_route=%2Fwp%2Fv2%2Fcomments&post=31850"}],"version-history":[{"count":1,"href":"https:\/\/entretormentas.com\/index.php?rest_route=\/wp\/v2\/posts\/31850\/revisions"}],"predecessor-version":[{"id":31853,"href":"https:\/\/entretormentas.com\/index.php?rest_route=\/wp\/v2\/posts\/31850\/revisions\/31853"}],"wp:featuredmedia":[{"embeddable":true,"href":"https:\/\/entretormentas.com\/index.php?rest_route=\/wp\/v2\/media\/31851"}],"wp:attachment":[{"href":"https:\/\/entretormentas.com\/index.php?rest_route=%2Fwp%2Fv2%2Fmedia&parent=31850"}],"wp:term":[{"taxonomy":"category","embeddable":true,"href":"https:\/\/entretormentas.com\/index.php?rest_route=%2Fwp%2Fv2%2Fcategories&post=31850"},{"taxonomy":"post_tag","embeddable":true,"href":"https:\/\/entretormentas.com\/index.php?rest_route=%2Fwp%2Fv2%2Ftags&post=31850"}],"curies":[{"name":"wp","href":"https:\/\/api.w.org\/{rel}","templated":true}]}}