{"id":31854,"date":"2026-04-28T03:37:48","date_gmt":"2026-04-28T07:37:48","guid":{"rendered":"https:\/\/entretormentas.com\/?p=31854"},"modified":"2026-04-28T03:37:48","modified_gmt":"2026-04-28T07:37:48","slug":"plan-cayapa-de-la-salud-arranca-recuperacion-de-la-clinica-popular-tipo-i-el-venado-en-baralt","status":"publish","type":"post","link":"https:\/\/entretormentas.com\/plan-cayapa-de-la-salud-arranca-recuperacion-de-la-clinica-popular-tipo-i-el-venado-en-baralt\/","title":{"rendered":"\u00a1PLAN CAYAPA DE LA SALUD! Arranca recuperaci\u00f3n de la Cl\u00ednica Popular tipo I El Venado en Baralt"},"content":{"rendered":"\n<p><strong>ENTRE TORMENTAS. <\/strong>En el marco del despliegue gubernamental en el municipio Baralt, Costa Oriental del Lago, el gobernador del estado Zulia, Luis Caldera, puso en marcha los trabajos de recuperaci\u00f3n y el equipamiento de la Cl\u00ednica Popular tipo I El Venado mediante el Plan Cayapa de la Salud. Esta iniciativa se inserta en el despliegue nacional para fortalecer el sistema p\u00fablico asistencial en la entidad.<\/p>\n\n\n\n<p>Acompa\u00f1ado por la Autoridad \u00danica de Salud, Luz Caldera; la primera dama del estado, Roselyn L\u00f3pez de Caldera; el alcalde Samuel Contreras; la primera dama del municipio, Yamilet de Contreras y la directora del centro, Ginger Moreno; el mandatario regional destac\u00f3 que esta intervenci\u00f3n responde a lineamientos directos del gobierno de la presidenta encargada Delcy Rodr\u00edguez, para optimizar la atenci\u00f3n primaria en zonas estrat\u00e9gicas de la regi\u00f3n.<\/p>\n\n\n\n<figure class=\"wp-block-image size-large\"><img fetchpriority=\"high\" decoding=\"async\" width=\"1024\" height=\"548\" src=\"https:\/\/entretormentas.com\/wp-content\/uploads\/2026\/04\/image-724-1024x548.png\" alt=\"\" class=\"wp-image-31856\" srcset=\"https:\/\/entretormentas.com\/wp-content\/uploads\/2026\/04\/image-724-1024x548.png 1024w, https:\/\/entretormentas.com\/wp-content\/uploads\/2026\/04\/image-724-300x161.png 300w, https:\/\/entretormentas.com\/wp-content\/uploads\/2026\/04\/image-724-768x411.png 768w, https:\/\/entretormentas.com\/wp-content\/uploads\/2026\/04\/image-724.png 1280w\" sizes=\"(max-width: 1024px) 100vw, 1024px\" \/><\/figure>\n\n\n\n<p>La incorporaci\u00f3n de este centro de salud al Plan Cayapa contempla una reestructuraci\u00f3n profunda que abarca desde el mantenimiento de servicios b\u00e1sicos hasta la modernizaci\u00f3n de \u00e1reas cr\u00edticas. El proyecto prioriza la climatizaci\u00f3n total de los espacios y el suministro de insumos m\u00e9dicos necesarios para la operatividad diaria.<\/p>\n\n\n\n<p>\u201cA partir de hoy, este centro de salud pasa a formar parte de todas las instituciones que estamos refaccionando a nivel de climatizaci\u00f3n, de servicios b\u00e1sicos, de dotaci\u00f3n y equipamiento, para garantizar el acceso a la salud a esta parroquia del estado Zulia\u201d, enfatiz\u00f3 Caldera durante el recorrido por las instalaciones.<\/p>\n\n\n\n<p>La inspecci\u00f3n incluy\u00f3 la revisi\u00f3n de las emergencias de adultos y pedi\u00e1trica, laboratorios, la unidad de rayos X, as\u00ed como las salas de parto y puerperio. Adem\u00e1s, el mandatario anunci\u00f3 la entrega de una planta el\u00e9ctrica y una ambulancia, recursos vitales para asegurar la autonom\u00eda energ\u00e9tica y la movilidad de pacientes en esta zona rural.<\/p>\n\n\n\n<p><strong>COMPROMISO CON BARALT<\/strong><br>La intervenci\u00f3n de la Cl\u00ednica Popular tipo I El Venado no solo representa una mejora en infraestructura, sino tambi\u00e9n un respaldo al sector productivo de la parroquia. El gobernador subray\u00f3 la importancia de brindar seguridad social a quienes dinamizan la econom\u00eda local.<\/p>\n\n\n\n<figure class=\"wp-block-image size-large\"><img decoding=\"async\" width=\"1024\" height=\"768\" src=\"https:\/\/entretormentas.com\/wp-content\/uploads\/2026\/04\/image-725-1024x768.png\" alt=\"\" class=\"wp-image-31857\" srcset=\"https:\/\/entretormentas.com\/wp-content\/uploads\/2026\/04\/image-725-1024x768.png 1024w, https:\/\/entretormentas.com\/wp-content\/uploads\/2026\/04\/image-725-300x225.png 300w, https:\/\/entretormentas.com\/wp-content\/uploads\/2026\/04\/image-725-768x576.png 768w, https:\/\/entretormentas.com\/wp-content\/uploads\/2026\/04\/image-725.png 1280w\" sizes=\"(max-width: 1024px) 100vw, 1024px\" \/><\/figure>\n\n\n\n<p>Luis Caldera puntualiz\u00f3 que esta obra se suma a los m\u00e1s de 42 espacios sanitarios recuperados recientemente en la geograf\u00eda zuliana. Al respecto, manifest\u00f3 su voluntad de seguir expandiendo estas acciones en beneficio de la comunidad.<\/p>\n\n\n\n<p>\u201cNos sentimos aqu\u00ed comprometidos con este pueblo, que adem\u00e1s es un pueblo productor, un pueblo campesino, ganadero, que trabaja el comercio, instituciones educativas\u201d, enfatiz\u00f3.<\/p>\n\n\n\n<p>Con el inicio de estas labores, se proyecta que el ambulatorio de El Venado recupere su capacidad de respuesta inmediata, consolid\u00e1ndose como el eje de salud principal para las familias y trabajadores del campo en esta importante regi\u00f3n.<br><strong><em>ET \/ Prensa Gobernaci\u00f3n del Zulia<\/em><\/strong><\/p>\n\n\n\n<p><\/p>\n","protected":false},"excerpt":{"rendered":"<p>ENTRE TORMENTAS. En el marco del despliegue gubernamental en el municipio Baralt, Costa Oriental del&#8230;<\/p>\n","protected":false},"author":2,"featured_media":31855,"comment_status":"closed","ping_status":"open","sticky":false,"template":"","format":"standard","meta":{"footnotes":""},"categories":[57,1],"tags":[],"class_list":["post-31854","post","type-post","status-publish","format-standard","has-post-thumbnail","hentry","category-actualidad","category-regionales"],"_links":{"self":[{"href":"https:\/\/entretormentas.com\/index.php?rest_route=\/wp\/v2\/posts\/31854","targetHints":{"allow":["GET"]}}],"collection":[{"href":"https:\/\/entretormentas.com\/index.php?rest_route=\/wp\/v2\/posts"}],"about":[{"href":"https:\/\/entretormentas.com\/index.php?rest_route=\/wp\/v2\/types\/post"}],"author":[{"embeddable":true,"href":"https:\/\/entretormentas.com\/index.php?rest_route=\/wp\/v2\/users\/2"}],"replies":[{"embeddable":true,"href":"https:\/\/entretormentas.com\/index.php?rest_route=%2Fwp%2Fv2%2Fcomments&post=31854"}],"version-history":[{"count":1,"href":"https:\/\/entretormentas.com\/index.php?rest_route=\/wp\/v2\/posts\/31854\/revisions"}],"predecessor-version":[{"id":31858,"href":"https:\/\/entretormentas.com\/index.php?rest_route=\/wp\/v2\/posts\/31854\/revisions\/31858"}],"wp:featuredmedia":[{"embeddable":true,"href":"https:\/\/entretormentas.com\/index.php?rest_route=\/wp\/v2\/media\/31855"}],"wp:attachment":[{"href":"https:\/\/entretormentas.com\/index.php?rest_route=%2Fwp%2Fv2%2Fmedia&parent=31854"}],"wp:term":[{"taxonomy":"category","embeddable":true,"href":"https:\/\/entretormentas.com\/index.php?rest_route=%2Fwp%2Fv2%2Fcategories&post=31854"},{"taxonomy":"post_tag","embeddable":true,"href":"https:\/\/entretormentas.com\/index.php?rest_route=%2Fwp%2Fv2%2Ftags&post=31854"}],"curies":[{"name":"wp","href":"https:\/\/api.w.org\/{rel}","templated":true}]}}