{"id":31859,"date":"2026-04-28T03:40:28","date_gmt":"2026-04-28T07:40:28","guid":{"rendered":"https:\/\/entretormentas.com\/?p=31859"},"modified":"2026-04-28T03:40:28","modified_gmt":"2026-04-28T07:40:28","slug":"exhorto-publico-mas-exige-libertad-plena-para-presos-politicos-y-una-salida-real-al-deterioro-del-salario","status":"publish","type":"post","link":"https:\/\/entretormentas.com\/exhorto-publico-mas-exige-libertad-plena-para-presos-politicos-y-una-salida-real-al-deterioro-del-salario\/","title":{"rendered":"\u00a1EXHORTO P\u00daBLICO! MAS exige libertad plena para presos pol\u00edticos y una salida real al deterioro del salario"},"content":{"rendered":"\n<p><strong>ENTRE TORMENTAS.<\/strong> La incertidumbre en torno a la vigencia de la Ley de Amnist\u00eda volvi\u00f3 a poner en evidencia las contradicciones institucionales en Venezuela. As\u00ed lo advirti\u00f3 el secretario general del MAS, Felipe Mujica, al cuestionar la falta de claridad oficial sobre este instrumento legal y asegurar que el pa\u00eds sigue atrapado en una din\u00e1mica de ambig\u00fcedad que obstaculiza soluciones pol\u00edticas y sociales.<\/p>\n\n\n\n<p>Mujica se refiri\u00f3 a las recientes declaraciones de la presidenta encargada, Delcy Rodr\u00edguez G\u00f3mez, quien afirm\u00f3 que la Ley de Amnist\u00eda hab\u00eda quedado sin efecto y que los casos pendientes ser\u00edan atendidos por la v\u00eda administrativa. Sin embargo, posteriormente, el diputado a la Asamblea Nacional y presidente de la Comisi\u00f3n Especial de seguimiento de la Ley de Amnist\u00eda para la Convivencia Democr\u00e1tica, Jorge Arreaza, aclar\u00f3 que la normativa segu\u00eda vigente y que se buscar\u00edan mecanismos adicionales para atender a personas detenidas por razones pol\u00edticas.<\/p>\n\n\n\n<p>\u201cEsta es otra imprecisi\u00f3n donde se desconoce lo que realmente ocurre\u201d, apunt\u00f3.<\/p>\n\n\n\n<p>Insisti\u00f3 en que hay que darle cierre al tema con la liberaci\u00f3n plena de quienes permanecen privados de libertad para que el pa\u00eds pueda concentrarse en otros asuntos igualmente urgentes\u201d, sostuvo.<\/p>\n\n\n\n<p>En materia econ\u00f3mica, Mujica precis\u00f3 que hasta la fecha no existe informaci\u00f3n concreta sobre la conformaci\u00f3n de una comisi\u00f3n tripartita entre el Estado, empresarios y trabajadores para debatir propuestas sobre el \u00abaumento salarial responsable\u00bb que anunci\u00f3 el ejecutivo nacional ante la cercan\u00eda del 1ero. de mayo.<\/p>\n\n\n\n<p>\u00abEs necesario que el gobierno en conjunto con los dem\u00e1s sectores, presente un dise\u00f1o y una estrategia clara que permita resolver de manera progresiva el tema salarial, especialmente ante las expectativas de crecimiento econ\u00f3mico que se han planteado\u201d, indic\u00f3.<\/p>\n\n\n\n<p>A juicio del dirigente del MAS, la recuperaci\u00f3n econ\u00f3mica del pa\u00eds debe orientarse hacia un modelo productivo capaz de garantizar salarios dignos, acceso al cr\u00e9dito y mejores condiciones de vida para los ciudadanos.<\/p>\n\n\n\n<p>En el plano pol\u00edtico, Mujica reiter\u00f3 su preocupaci\u00f3n por las organizaciones pol\u00edticas que permanecen judicializadas o sin sus tarjetas electorales, pese a conversaciones sostenidas con representantes del Consejo Nacional Electoral.<\/p>\n\n\n\n<p>\u201cEs fundamental restablecer plenamente los derechos de los partidos y de sus dirigentes para garantizar una participaci\u00f3n democr\u00e1tica y plural\u201d, acot\u00f3.<\/p>\n\n\n\n<p>Record\u00f3 que diversas organizaciones partidistas han sostenido reuniones con el presidente de la Asamblea Nacional, Jorge Rodr\u00edguez, y con la presidenta encargada, en las que se plante\u00f3 la necesidad de reactivar mecanismos de di\u00e1logo y crear comisiones de trabajo.<\/p>\n\n\n\n<p>\u201cEso no ha avanzado, insistimos en que este es el momento para impulsar una soluci\u00f3n democr\u00e1tica construida por los venezolanos y orientada a rescatar al pa\u00eds\u201d.<\/p>\n\n\n\n<p>Por \u00faltimo, el MAS expres\u00f3 su pesar por el fallecimiento de Vladimiro Mujica, hermano del secretario general y destacado cient\u00edfico y acad\u00e9mico venezolano cuya trayectoria dej\u00f3 una huella invaluable en el conocimiento y la formaci\u00f3n intelectual del pa\u00eds.<br><strong><em>ET \/ Yesenia Balza \/ MAS<\/em><\/strong><\/p>\n\n\n\n<p><\/p>\n","protected":false},"excerpt":{"rendered":"<p>ENTRE TORMENTAS. La incertidumbre en torno a la vigencia de la Ley de Amnist\u00eda volvi\u00f3&#8230;<\/p>\n","protected":false},"author":2,"featured_media":31860,"comment_status":"closed","ping_status":"open","sticky":false,"template":"","format":"standard","meta":{"footnotes":""},"categories":[49],"tags":[],"class_list":["post-31859","post","type-post","status-publish","format-standard","has-post-thumbnail","hentry","category-nacionales"],"_links":{"self":[{"href":"https:\/\/entretormentas.com\/index.php?rest_route=\/wp\/v2\/posts\/31859","targetHints":{"allow":["GET"]}}],"collection":[{"href":"https:\/\/entretormentas.com\/index.php?rest_route=\/wp\/v2\/posts"}],"about":[{"href":"https:\/\/entretormentas.com\/index.php?rest_route=\/wp\/v2\/types\/post"}],"author":[{"embeddable":true,"href":"https:\/\/entretormentas.com\/index.php?rest_route=\/wp\/v2\/users\/2"}],"replies":[{"embeddable":true,"href":"https:\/\/entretormentas.com\/index.php?rest_route=%2Fwp%2Fv2%2Fcomments&post=31859"}],"version-history":[{"count":1,"href":"https:\/\/entretormentas.com\/index.php?rest_route=\/wp\/v2\/posts\/31859\/revisions"}],"predecessor-version":[{"id":31861,"href":"https:\/\/entretormentas.com\/index.php?rest_route=\/wp\/v2\/posts\/31859\/revisions\/31861"}],"wp:featuredmedia":[{"embeddable":true,"href":"https:\/\/entretormentas.com\/index.php?rest_route=\/wp\/v2\/media\/31860"}],"wp:attachment":[{"href":"https:\/\/entretormentas.com\/index.php?rest_route=%2Fwp%2Fv2%2Fmedia&parent=31859"}],"wp:term":[{"taxonomy":"category","embeddable":true,"href":"https:\/\/entretormentas.com\/index.php?rest_route=%2Fwp%2Fv2%2Fcategories&post=31859"},{"taxonomy":"post_tag","embeddable":true,"href":"https:\/\/entretormentas.com\/index.php?rest_route=%2Fwp%2Fv2%2Ftags&post=31859"}],"curies":[{"name":"wp","href":"https:\/\/api.w.org\/{rel}","templated":true}]}}