{"id":31862,"date":"2026-04-28T03:44:11","date_gmt":"2026-04-28T07:44:11","guid":{"rendered":"https:\/\/entretormentas.com\/?p=31862"},"modified":"2026-04-28T03:44:11","modified_gmt":"2026-04-28T07:44:11","slug":"en-machango-gobernador-luis-caldera-inspecciona-avances-del-parque-solar-fotovoltaico","status":"publish","type":"post","link":"https:\/\/entretormentas.com\/en-machango-gobernador-luis-caldera-inspecciona-avances-del-parque-solar-fotovoltaico\/","title":{"rendered":"\u00a1EN MACHANGO! Gobernador Luis Caldera inspecciona avances del Parque Solar Fotovoltaico"},"content":{"rendered":"\n<p><strong>ENTRE TORMENTAS. <\/strong>El Gobernador del estado Zulia, Luis Caldera, realiz\u00f3 este lunes un pase de revista a la construcci\u00f3n del Parque Solar Fotovoltaico en la comunidad Sabana de Machango, municipio Valmore Rodriguez. La obra, que presenta un 70% de ejecuci\u00f3n, representa una de las apuestas tecnol\u00f3gicas m\u00e1s importantes del Gobierno Bolivariano para estabilizar el sistema el\u00e9ctrico regional.<\/p>\n\n\n\n<p>Caldera constat\u00f3 la instalaci\u00f3n de los paneles solares que permitir\u00e1n incorporar 50 megavatios de generaci\u00f3n de energ\u00eda limpia al Zulia. La obra ejecutada por ell Gobierno Nacional, bajo instrucciones de la presidenta encargada Delcy Rodr\u00edguez, a trav\u00e9s dell Ministro del Poder Popular para la Energ\u00eda El\u00e9ctrica, Rolando Alcal\u00e1.<\/p>\n\n\n\n<figure class=\"wp-block-image size-large\"><img fetchpriority=\"high\" decoding=\"async\" width=\"1024\" height=\"576\" src=\"https:\/\/entretormentas.com\/wp-content\/uploads\/2026\/04\/image-728-1024x576.png\" alt=\"\" class=\"wp-image-31864\" srcset=\"https:\/\/entretormentas.com\/wp-content\/uploads\/2026\/04\/image-728-1024x576.png 1024w, https:\/\/entretormentas.com\/wp-content\/uploads\/2026\/04\/image-728-300x169.png 300w, https:\/\/entretormentas.com\/wp-content\/uploads\/2026\/04\/image-728-768x432.png 768w, https:\/\/entretormentas.com\/wp-content\/uploads\/2026\/04\/image-728.png 1080w\" sizes=\"(max-width: 1024px) 100vw, 1024px\" \/><\/figure>\n\n\n\n<p>\u201cEstamos aprovechando el gran potencial solar de nuestra regi\u00f3n para garantizar la estabilidad el\u00e9ctrica mediante proyectos de \u00faltima tecnolog\u00eda contemplados en el Plan de la Patria\u201d, destac\u00f3 el mandatario.<\/p>\n\n\n\n<p>Acompa\u00f1ado por el ingeniero Jos\u00e9 Gregorio Rojo, gerente de Proyectos Especiales de Corpoelec, y el alcalde Samuel Contreras, el mandatario zuliano explic\u00f3 que la ubicaci\u00f3n estrat\u00e9gica en Machango responde a estudios atmosf\u00e9ricos y a su cercan\u00eda con la Subestaci\u00f3n El\u00e9ctrica local.<\/p>\n\n\n\n<figure class=\"wp-block-image size-large\"><img decoding=\"async\" width=\"1024\" height=\"576\" src=\"https:\/\/entretormentas.com\/wp-content\/uploads\/2026\/04\/image-729-1024x576.png\" alt=\"\" class=\"wp-image-31865\" srcset=\"https:\/\/entretormentas.com\/wp-content\/uploads\/2026\/04\/image-729-1024x576.png 1024w, https:\/\/entretormentas.com\/wp-content\/uploads\/2026\/04\/image-729-300x169.png 300w, https:\/\/entretormentas.com\/wp-content\/uploads\/2026\/04\/image-729-768x432.png 768w, https:\/\/entretormentas.com\/wp-content\/uploads\/2026\/04\/image-729.png 1080w\" sizes=\"(max-width: 1024px) 100vw, 1024px\" \/><\/figure>\n\n\n\n<p>Reafirm\u00f3 que este proyecto es solo uno de los varios sistemas de generaci\u00f3n especial que se activar\u00e1n en la entidad para beneficiar a los siete municipios de la Costa Oriental del Lago y fortalecer el Sistema El\u00e9ctrico Nacional (SEN).<br><strong><em>ET \/ Prensa Gobernaci\u00f3n del Zulia<\/em><\/strong><\/p>\n","protected":false},"excerpt":{"rendered":"<p>ENTRE TORMENTAS. El Gobernador del estado Zulia, Luis Caldera, realiz\u00f3 este lunes un pase de&#8230;<\/p>\n","protected":false},"author":2,"featured_media":31863,"comment_status":"closed","ping_status":"open","sticky":false,"template":"","format":"standard","meta":{"footnotes":""},"categories":[56,1],"tags":[],"class_list":["post-31862","post","type-post","status-publish","format-standard","has-post-thumbnail","hentry","category-destacadas","category-regionales"],"_links":{"self":[{"href":"https:\/\/entretormentas.com\/index.php?rest_route=\/wp\/v2\/posts\/31862","targetHints":{"allow":["GET"]}}],"collection":[{"href":"https:\/\/entretormentas.com\/index.php?rest_route=\/wp\/v2\/posts"}],"about":[{"href":"https:\/\/entretormentas.com\/index.php?rest_route=\/wp\/v2\/types\/post"}],"author":[{"embeddable":true,"href":"https:\/\/entretormentas.com\/index.php?rest_route=\/wp\/v2\/users\/2"}],"replies":[{"embeddable":true,"href":"https:\/\/entretormentas.com\/index.php?rest_route=%2Fwp%2Fv2%2Fcomments&post=31862"}],"version-history":[{"count":1,"href":"https:\/\/entretormentas.com\/index.php?rest_route=\/wp\/v2\/posts\/31862\/revisions"}],"predecessor-version":[{"id":31866,"href":"https:\/\/entretormentas.com\/index.php?rest_route=\/wp\/v2\/posts\/31862\/revisions\/31866"}],"wp:featuredmedia":[{"embeddable":true,"href":"https:\/\/entretormentas.com\/index.php?rest_route=\/wp\/v2\/media\/31863"}],"wp:attachment":[{"href":"https:\/\/entretormentas.com\/index.php?rest_route=%2Fwp%2Fv2%2Fmedia&parent=31862"}],"wp:term":[{"taxonomy":"category","embeddable":true,"href":"https:\/\/entretormentas.com\/index.php?rest_route=%2Fwp%2Fv2%2Fcategories&post=31862"},{"taxonomy":"post_tag","embeddable":true,"href":"https:\/\/entretormentas.com\/index.php?rest_route=%2Fwp%2Fv2%2Ftags&post=31862"}],"curies":[{"name":"wp","href":"https:\/\/api.w.org\/{rel}","templated":true}]}}