{"id":31886,"date":"2026-04-29T02:18:40","date_gmt":"2026-04-29T06:18:40","guid":{"rendered":"https:\/\/entretormentas.com\/?p=31886"},"modified":"2026-04-29T03:11:46","modified_gmt":"2026-04-29T07:11:46","slug":"proyecto-escogido-en-consulta-popular-la-u-e-e-antonio-joaquin-epiayu-estrena-salones-climatizados","status":"publish","type":"post","link":"https:\/\/entretormentas.com\/proyecto-escogido-en-consulta-popular-la-u-e-e-antonio-joaquin-epiayu-estrena-salones-climatizados\/","title":{"rendered":"\u00a1PROYECTO ESCOGIDO EN CONSULTA POPULAR! La U.E.E. \u201cAntonio Joaqu\u00edn Epiayu\u201d estrena salones climatizados"},"content":{"rendered":"\n<p><strong>ENTRE TORMENTAS.<\/strong> La comunidad organizada del Consejo Comunal \u201cCoraz\u00f3n de Mi Patria, 4ta. Ra\u00edz\u201d celebr\u00f3 la materializaci\u00f3n del proyecto ganador de la primera consulta popular de 2026, realizada el 8 de marzo, que contempl\u00f3 la dotaci\u00f3n de aires acondicionados para los estudiantes de la UEE \u201cAntonio Joaqu\u00edn Epiayu\u201d.<\/p>\n\n\n\n<p>El Gobierno Nacional, a trav\u00e9s del Consejo Federal de Gobierno, entreg\u00f3 14 aires acondicionados destinados a la climatizaci\u00f3n de nueve salones de clases. Asimismo, con el apoyo de la Alcald\u00eda de Maracaibo y la Gobernaci\u00f3n del estado Zulia, se concret\u00f3 la distribuci\u00f3n de uniformes y kits escolares.<\/p>\n\n\n\n<figure class=\"wp-block-image size-full\"><img fetchpriority=\"high\" decoding=\"async\" width=\"960\" height=\"1021\" src=\"https:\/\/entretormentas.com\/wp-content\/uploads\/2026\/04\/image-740.png\" alt=\"\" class=\"wp-image-31888\" srcset=\"https:\/\/entretormentas.com\/wp-content\/uploads\/2026\/04\/image-740.png 960w, https:\/\/entretormentas.com\/wp-content\/uploads\/2026\/04\/image-740-282x300.png 282w, https:\/\/entretormentas.com\/wp-content\/uploads\/2026\/04\/image-740-768x817.png 768w\" sizes=\"(max-width: 960px) 100vw, 960px\" \/><\/figure>\n\n\n\n<p>Durante la actividad, el director regional del Consejo Federal de Gobierno, Carlos Colina, destac\u00f3 la importancia de la participaci\u00f3n popular en la ejecuci\u00f3n de estos proyectos. \u201cHoy aqu\u00ed se entrega el resultado de la consulta que ustedes quisieron para esta escuela. Es el deseo que su coraz\u00f3n anhelaba. Dios y la revoluci\u00f3n le est\u00e1 dando respuestas hoy junto con todo este equipo. Aqu\u00ed estamos articulados con el poder popular, ver a todos estos ni\u00f1os es la alegr\u00eda de nosotros\u201d, expres\u00f3.<\/p>\n\n\n\n<p>Por su parte, la directora del CDCEM Maracaibo, MSc. Suhail Mar\u00edn, inform\u00f3 sobre la entrega de materiales educativos: \u201cEn nombre del gobernador Luis Caldera, nosotros hoy estamos otorgando 638 kits a los alumnos, con morrales, material escolar y su uniforme completo tanto de deportes como el regular\u201d. Asimismo, felicit\u00f3 al personal docente por el mantenimiento de la instituci\u00f3n y su compromiso con la educaci\u00f3n.<\/p>\n\n\n\n<p>El director de despacho de la Alcald\u00eda de Maracaibo, Gianluigi Di Martino, quien asisti\u00f3 en nombre del alcalde bolivariano Giancarlo Di Martino, tambi\u00e9n resalt\u00f3 el impacto de las consultas populares como herramienta de gesti\u00f3n comunitaria. \u201cQue sigan creyendo en la Revoluci\u00f3n Bolivariana, que s\u00ed es posible a trav\u00e9s de las consultas populares obtener recursos para d\u00e1rselos al pueblo y para que el pueblo los pueda administrar\u201d, afirm\u00f3.<\/p>\n\n\n\n<p>De la Direcci\u00f3n municipal de Promoci\u00f3n y Desarrollo del Poder Comunal, Beise Petit, refiri\u00f3 que con las consultas populares se ofrece la oportunidad a la comunidad elegir proyectos priorizados.<\/p>\n\n\n\n<p>Desde el \u00e1mbito jur\u00eddico y de gesti\u00f3n, Wilmer Hern\u00e1ndez, director de Inversi\u00f3n y Proyectos Comunales de la Alcald\u00eda de Maracaibo, explic\u00f3 que el acompa\u00f1amiento institucional garantiza la correcta ejecuci\u00f3n de los recursos. \u201cNuestra instrucci\u00f3n es estar aqu\u00ed al lado del pueblo para verificar que la ejecuci\u00f3n de cada proyecto llegue a feliz t\u00e9rmino y que beneficie al pueblo en general\u201d, se\u00f1al\u00f3.<\/p>\n\n\n\n<p>Asimismo, detall\u00f3 la creaci\u00f3n de una nueva instancia municipal para financiar proyectos adicionales: \u201cEn Maracaibo no exist\u00eda una estructura para entregar esos segundos proyectos. El alcalde nos gir\u00f3 la instrucci\u00f3n de crear esta figura y creamos la direcci\u00f3n de inversi\u00f3n en proyectos comunales\u201d.<\/p>\n\n\n\n<figure class=\"wp-block-image size-large\"><img decoding=\"async\" width=\"1024\" height=\"768\" src=\"https:\/\/entretormentas.com\/wp-content\/uploads\/2026\/04\/image-741-1024x768.png\" alt=\"\" class=\"wp-image-31889\" srcset=\"https:\/\/entretormentas.com\/wp-content\/uploads\/2026\/04\/image-741-1024x768.png 1024w, https:\/\/entretormentas.com\/wp-content\/uploads\/2026\/04\/image-741-300x225.png 300w, https:\/\/entretormentas.com\/wp-content\/uploads\/2026\/04\/image-741-768x576.png 768w, https:\/\/entretormentas.com\/wp-content\/uploads\/2026\/04\/image-741.png 1280w\" sizes=\"(max-width: 1024px) 100vw, 1024px\" \/><\/figure>\n\n\n\n<p>Desde la comunidad educativa, las voces de agradecimiento no se hicieron esperar. La directora del plantel, Greilys Atencio, record\u00f3 la participaci\u00f3n activa en la consulta: \u201cEl 8 de marzo, tanto los representantes de la instituci\u00f3n en conjunto con la comunidad estuvimos presentes en la consulta popular\u201d. Adem\u00e1s, destac\u00f3 que el plantel cuenta con una matr\u00edcula de 598 estudiantes en educaci\u00f3n inicial y primaria, quienes ser\u00e1n beneficiados directamente.<\/p>\n\n\n\n<p>\u201cAtendida y agradecida, primero con Dios y con el gobierno nacional, nuestro alcalde Di Martino y el gobernador, as\u00ed como con la comuna, que ha sido de mucha ayuda y bendici\u00f3n para nuestra instituci\u00f3n\u201d, a\u00f1adi\u00f3.<\/p>\n\n\n\n<p>Finalmente, Yaine Villegas, jefa de la UBCH Monse\u00f1or Olegario Villalobos, subray\u00f3 la relevancia del proyecto para el bienestar estudiantil: \u201cNunca hab\u00edamos tenido aire acondicionado en la escuela, ahora se logr\u00f3 la oportunidad con aprobaci\u00f3n de proyectos propuestas por las comunas\u201d.<\/p>\n\n\n\n<p>La comunidad, compuesta por 789 familias, celebra este avance como un logro colectivo que mejora las condiciones educativas y fortalece la organizaci\u00f3n popular.<br><strong><em>ET \/ Prensa Alcald\u00eda de Maracaibo<\/em><\/strong><\/p>\n\n\n\n<p><\/p>\n","protected":false},"excerpt":{"rendered":"<p>ENTRE TORMENTAS. La comunidad organizada del Consejo Comunal \u201cCoraz\u00f3n de Mi Patria, 4ta. Ra\u00edz\u201d celebr\u00f3&#8230;<\/p>\n","protected":false},"author":2,"featured_media":31887,"comment_status":"closed","ping_status":"open","sticky":false,"template":"","format":"standard","meta":{"footnotes":""},"categories":[57,1],"tags":[],"class_list":["post-31886","post","type-post","status-publish","format-standard","has-post-thumbnail","hentry","category-actualidad","category-regionales"],"_links":{"self":[{"href":"https:\/\/entretormentas.com\/index.php?rest_route=\/wp\/v2\/posts\/31886","targetHints":{"allow":["GET"]}}],"collection":[{"href":"https:\/\/entretormentas.com\/index.php?rest_route=\/wp\/v2\/posts"}],"about":[{"href":"https:\/\/entretormentas.com\/index.php?rest_route=\/wp\/v2\/types\/post"}],"author":[{"embeddable":true,"href":"https:\/\/entretormentas.com\/index.php?rest_route=\/wp\/v2\/users\/2"}],"replies":[{"embeddable":true,"href":"https:\/\/entretormentas.com\/index.php?rest_route=%2Fwp%2Fv2%2Fcomments&post=31886"}],"version-history":[{"count":1,"href":"https:\/\/entretormentas.com\/index.php?rest_route=\/wp\/v2\/posts\/31886\/revisions"}],"predecessor-version":[{"id":31890,"href":"https:\/\/entretormentas.com\/index.php?rest_route=\/wp\/v2\/posts\/31886\/revisions\/31890"}],"wp:featuredmedia":[{"embeddable":true,"href":"https:\/\/entretormentas.com\/index.php?rest_route=\/wp\/v2\/media\/31887"}],"wp:attachment":[{"href":"https:\/\/entretormentas.com\/index.php?rest_route=%2Fwp%2Fv2%2Fmedia&parent=31886"}],"wp:term":[{"taxonomy":"category","embeddable":true,"href":"https:\/\/entretormentas.com\/index.php?rest_route=%2Fwp%2Fv2%2Fcategories&post=31886"},{"taxonomy":"post_tag","embeddable":true,"href":"https:\/\/entretormentas.com\/index.php?rest_route=%2Fwp%2Fv2%2Ftags&post=31886"}],"curies":[{"name":"wp","href":"https:\/\/api.w.org\/{rel}","templated":true}]}}