{"id":31896,"date":"2026-04-29T02:32:01","date_gmt":"2026-04-29T06:32:01","guid":{"rendered":"https:\/\/entretormentas.com\/?p=31896"},"modified":"2026-04-29T02:32:02","modified_gmt":"2026-04-29T06:32:02","slug":"impulsado-por-la-gobernacion-anuncian-expo-congreso-latinoamericano-de-ganaderia-tropical-y-la-2da-feria-ganadera-fegalago-2026","status":"publish","type":"post","link":"https:\/\/entretormentas.com\/impulsado-por-la-gobernacion-anuncian-expo-congreso-latinoamericano-de-ganaderia-tropical-y-la-2da-feria-ganadera-fegalago-2026\/","title":{"rendered":"\u00a1IMPULSADO POR LA GOBERNACI\u00d3N! Anuncian Expo Congreso Latinoamericano de Ganader\u00eda Tropical y la 2da Feria Ganadera Fegalago 2026"},"content":{"rendered":"\n<p><strong>ENTRE TORMENTAS.<\/strong> El estado Zulia se convertir\u00e1 en el epicentro del sector agropecuario del pa\u00eds, desde el 17 al 21 de junio, con la realizaci\u00f3n del IV Expo Congreso Latinoamericano de Ganader\u00eda Tropical y la 2da Feria Ganadera Fegalago 2026, actividades organizadas por la Federaci\u00f3n de Ganaderos del Lago (Fegalago) junto a sus 22 asociaciones y el apoyo y respaldo de la Gobernaci\u00f3n zuliana.<\/p>\n\n\n\n<p>En rueda de prensa realizada en los espacios del Hotel Tibisay del Lago, el presidente de Fegalago, On\u00e9simo Prado, junto al gobernador del Zulia Luis Caldera, anunci\u00f3 estos eventos que fortalecen el desarrollo econ\u00f3mico y cient\u00edfico del sector agropecuario regional y nacional.<\/p>\n\n\n\n<figure class=\"wp-block-image size-large\"><img fetchpriority=\"high\" decoding=\"async\" width=\"1024\" height=\"768\" src=\"https:\/\/entretormentas.com\/wp-content\/uploads\/2026\/04\/image-746-1024x768.png\" alt=\"\" class=\"wp-image-31898\" srcset=\"https:\/\/entretormentas.com\/wp-content\/uploads\/2026\/04\/image-746-1024x768.png 1024w, https:\/\/entretormentas.com\/wp-content\/uploads\/2026\/04\/image-746-300x225.png 300w, https:\/\/entretormentas.com\/wp-content\/uploads\/2026\/04\/image-746-768x576.png 768w, https:\/\/entretormentas.com\/wp-content\/uploads\/2026\/04\/image-746.png 1080w\" sizes=\"(max-width: 1024px) 100vw, 1024px\" \/><\/figure>\n\n\n\n<p><strong>LIDERAZGO EN PRODUCCI\u00d3N NACIONAL DE CARNE Y LECHE<\/strong><br>Durante la presentaci\u00f3n, se ratific\u00f3 que este encuentro es fundamental para mostrar la fortaleza del Zulia como el principal abastecedor de prote\u00edna animal en Venezuela. El despliegue de junio ser\u00e1 la culminaci\u00f3n de un trabajo que se ha venido gestando en cada municipio de la regi\u00f3n.<\/p>\n\n\n\n<p>El gobernador Luis Caldera destac\u00f3 que cada asociaci\u00f3n viene levantando estas exposiciones en sus territorios y que en esta se concreta el esfuerzo del Zulia como el primer estado de producci\u00f3n de leche y carne de Venezuela.<\/p>\n\n\n\n<p>\u201cEste evento es una l\u00ednea para el encuentro del trabajo en equipo que posiciona a la regi\u00f3n como una potencia en todo el territorio nacional\u201d, manifest\u00f3 al se\u00f1alar que la vitrina productiva no se limita a la ganader\u00eda, sino que abarca la diversidad agr\u00edcola que caracteriza a la regi\u00f3n y que contribuye a la econom\u00eda del pa\u00eds.<\/p>\n\n\n\n<p>Resalt\u00f3 que este expo congreso y feria ganadera ser\u00e1 un espacio para el intercambio de conocimiento cient\u00edfico en el \u00e1rea de gen\u00e9tica, de producci\u00f3n de leche, palma aceitera, de cacao y de todas las vitrinas que consolidan al Zulia como una potencia agr\u00edcola en todo el territorio nacional.<\/p>\n\n\n\n<p><strong>VITRINA PARA EL ESFUERZO<\/strong><br>El mandatario resalt\u00f3 que esta actividad es el resultado de un trabajo en equipo que busca mostrar la capacidad productiva y motivar a las nuevas generaciones mediante el ejemplo de dedicaci\u00f3n de las familias productoras.<\/p>\n\n\n\n<p>\u201cDesde la Gobernaci\u00f3n del estado Zulia, con sus diferentes secretar\u00edas, estamos acompa\u00f1ando y apoyando esta iniciativa. Esto es una vitrina para que en la ciudad nuestros j\u00f3venes puedan compartir el esfuerzo que se hace desde el campo zuliano\u201d, afirm\u00f3 el gobernador.<\/p>\n\n\n\n<p>Un objetivo central de este encuentro ser\u00e1 la formaci\u00f3n t\u00e9cnica y sanitaria, enfocada en elevar los est\u00e1ndares de las fincas zulianas para abrir paso a la comercializaci\u00f3n internacional; en ese sentido el mandatario subray\u00f3 que Venezuela est\u00e1 encaminada a ser declarada zona libre de fiebre aftosa para garantizar la exportaci\u00f3n de productos a Latinoam\u00e9rica y el mundo.<\/p>\n\n\n\n<figure class=\"wp-block-image size-large\"><img decoding=\"async\" width=\"1024\" height=\"768\" src=\"https:\/\/entretormentas.com\/wp-content\/uploads\/2026\/04\/image-747-1024x768.png\" alt=\"\" class=\"wp-image-31899\" srcset=\"https:\/\/entretormentas.com\/wp-content\/uploads\/2026\/04\/image-747-1024x768.png 1024w, https:\/\/entretormentas.com\/wp-content\/uploads\/2026\/04\/image-747-300x225.png 300w, https:\/\/entretormentas.com\/wp-content\/uploads\/2026\/04\/image-747-768x576.png 768w, https:\/\/entretormentas.com\/wp-content\/uploads\/2026\/04\/image-747.png 1080w\" sizes=\"(max-width: 1024px) 100vw, 1024px\" \/><\/figure>\n\n\n\n<p><strong>M\u00c1S DE 150 EMPRESAS PARTICIPANDO<\/strong><br>Por su parte, el presidente de Fegalago, Prado, inform\u00f3 que la programaci\u00f3n incluir\u00e1 la participaci\u00f3n de 150 empresas y un componente acad\u00e9mico gratuito para estudiantes y productores, abordando la sostenibilidad de los ecosistemas.<\/p>\n\n\n\n<p>\u201cLos ganaderos estamos conscientes de que la diversificaci\u00f3n de la econom\u00eda de nuestra finca nos puede traer buenos resultados. Tendremos el balance y el equilibrio del impacto que hace nuestra producci\u00f3n en el campo y en el ambiente. Hoy tenemos que cuidar m\u00e1s que nunca nuestro ecosistema\u201d, declar\u00f3.<\/p>\n\n\n\n<p>El evento contar\u00e1 con el juzgamiento de m\u00e1s de 300 animales confirmados y 10 expositores internacionales, entre ellos Brasil, M\u00e9xico, Ecuador, Colombia e Indonesia. El s\u00e1bado 20 de junio se realizar\u00e1 la tradicional subasta ganadera con ejemplares \u00e9lite, proyectando una asistencia masiva que impulse la inversi\u00f3n y el turismo en la capital zuliana.<br><strong><em>ET \/ Prensa Gobernaci\u00f3n del Zulia<\/em><\/strong><\/p>\n\n\n\n<p><\/p>\n","protected":false},"excerpt":{"rendered":"<p>ENTRE TORMENTAS. El estado Zulia se convertir\u00e1 en el epicentro del sector agropecuario del pa\u00eds,&#8230;<\/p>\n","protected":false},"author":2,"featured_media":31897,"comment_status":"closed","ping_status":"open","sticky":false,"template":"","format":"standard","meta":{"footnotes":""},"categories":[57,1],"tags":[],"class_list":["post-31896","post","type-post","status-publish","format-standard","has-post-thumbnail","hentry","category-actualidad","category-regionales"],"_links":{"self":[{"href":"https:\/\/entretormentas.com\/index.php?rest_route=\/wp\/v2\/posts\/31896","targetHints":{"allow":["GET"]}}],"collection":[{"href":"https:\/\/entretormentas.com\/index.php?rest_route=\/wp\/v2\/posts"}],"about":[{"href":"https:\/\/entretormentas.com\/index.php?rest_route=\/wp\/v2\/types\/post"}],"author":[{"embeddable":true,"href":"https:\/\/entretormentas.com\/index.php?rest_route=\/wp\/v2\/users\/2"}],"replies":[{"embeddable":true,"href":"https:\/\/entretormentas.com\/index.php?rest_route=%2Fwp%2Fv2%2Fcomments&post=31896"}],"version-history":[{"count":1,"href":"https:\/\/entretormentas.com\/index.php?rest_route=\/wp\/v2\/posts\/31896\/revisions"}],"predecessor-version":[{"id":31900,"href":"https:\/\/entretormentas.com\/index.php?rest_route=\/wp\/v2\/posts\/31896\/revisions\/31900"}],"wp:featuredmedia":[{"embeddable":true,"href":"https:\/\/entretormentas.com\/index.php?rest_route=\/wp\/v2\/media\/31897"}],"wp:attachment":[{"href":"https:\/\/entretormentas.com\/index.php?rest_route=%2Fwp%2Fv2%2Fmedia&parent=31896"}],"wp:term":[{"taxonomy":"category","embeddable":true,"href":"https:\/\/entretormentas.com\/index.php?rest_route=%2Fwp%2Fv2%2Fcategories&post=31896"},{"taxonomy":"post_tag","embeddable":true,"href":"https:\/\/entretormentas.com\/index.php?rest_route=%2Fwp%2Fv2%2Ftags&post=31896"}],"curies":[{"name":"wp","href":"https:\/\/api.w.org\/{rel}","templated":true}]}}