{"id":31901,"date":"2026-04-29T02:40:21","date_gmt":"2026-04-29T06:40:21","guid":{"rendered":"https:\/\/entretormentas.com\/?p=31901"},"modified":"2026-04-29T02:40:22","modified_gmt":"2026-04-29T06:40:22","slug":"convoca-fetrazulia-trabajadores-zulianos-marchan-por-sueldo-justo-y-digno-este-primero-de-mayo","status":"publish","type":"post","link":"https:\/\/entretormentas.com\/convoca-fetrazulia-trabajadores-zulianos-marchan-por-sueldo-justo-y-digno-este-primero-de-mayo\/","title":{"rendered":"\u00a1CONVOCA FETRAZULIA! Trabajadores Zulianos marchan por sueldo justo y digno este primero de mayo"},"content":{"rendered":"\n<p><strong>ENTRE TORMENTAS. <\/strong>Este viernes 1ro de mayo la fuerza de los trabajadores del Zulia se sentir\u00e1 en las calles de Maracaibo, para exigir un verdadero y justo incremento salarial que permita a los trabajadores venezolanos garantizar el sustento de sus familias y la recuperaci\u00f3n real de su poder adquisitivo.<\/p>\n\n\n\n<p>La marcha de los trabajadores zulianos del primero de mayo fue anunciada durante un encuentro con los medios de comunicaci\u00f3n, en el lobby de edificio de rectorado de la Universidad del Zulia, donde se congregaron representantes de los principales sindicatos y gremios que confluyen en la Federaci\u00f3n de Trabajadores del Zulia Fetrazulia.<\/p>\n\n\n\n<p>N\u00e9stor Yancen, presidente de Fetrazulia, convoca a todos los trabajadores, al pueblo en general del estado y a todos los miembros de los sindicatos zulianos; a participar la gran marcha protesta que organizan para este primero de mayo.<\/p>\n\n\n\n<figure class=\"wp-block-image size-large\"><img fetchpriority=\"high\" decoding=\"async\" width=\"1024\" height=\"770\" src=\"https:\/\/entretormentas.com\/wp-content\/uploads\/2026\/04\/image-749-1024x770.png\" alt=\"\" class=\"wp-image-31903\" srcset=\"https:\/\/entretormentas.com\/wp-content\/uploads\/2026\/04\/image-749-1024x770.png 1024w, https:\/\/entretormentas.com\/wp-content\/uploads\/2026\/04\/image-749-300x226.png 300w, https:\/\/entretormentas.com\/wp-content\/uploads\/2026\/04\/image-749-768x578.png 768w, https:\/\/entretormentas.com\/wp-content\/uploads\/2026\/04\/image-749.png 1280w\" sizes=\"(max-width: 1024px) 100vw, 1024px\" \/><\/figure>\n\n\n\n<p>El m\u00e1ximo dirigente de los trabajadores zulianos invit\u00f3 a la sociedad civil, organizaciones sindicales y al pueblo trabajador a marchar este viernes primero de mayo, a las 9:00 am., desde la iglesia Santa B\u00e1rbara, en el Paseo Ciencias del centro de Maracaibo hasta el Paraninfo de la Universidad del Zulia, en el sector La Ciega de la avenida el Milagro.<\/p>\n\n\n\n<p>La esperada multitudinaria y tradicional Marcha del Primero de Mayo de este a\u00f1o 2026, tiene como objetivo primordial rescatar un salario justo y digno para todos los trabajadores de Venezuela, asegur\u00f3 N\u00e9stor Yancen. \u201cSalario que nos permita vivir decentemente y mantener a nuestras familias\u201d.<\/p>\n\n\n\n<p>La convocatoria a la hist\u00f3rica Marcha de los Trabajadores es respaldada por destacados dirigentes y representantes de los principales sindicatos y gremios del Zulia; entre los que destacan, miembros del comit\u00e9 ejecutivo de Fetrazulia, As\u00eds Rafael Rinc\u00f3n y Vladimir Le\u00f3n, de la Fuerza Laboral Universitaria; Richard Cobos y Campo El\u00edas Morales, de la Federaci\u00f3n de Trabajadores de Educaci\u00f3n Superior de Venezuela; Omar Alvarado, por la FVM; Ana Matilde Nava, representante de los trabajadores de la salud y F\u00e9lipe Garc\u00eda y Genny Matos, de los trabajadores petroleros, as\u00ed como miembros de Fedeunep, indigenistas y sector p\u00fablico entre otros.<\/p>\n\n\n\n<figure class=\"wp-block-image size-large\"><img decoding=\"async\" width=\"1024\" height=\"770\" src=\"https:\/\/entretormentas.com\/wp-content\/uploads\/2026\/04\/image-750-1024x770.png\" alt=\"\" class=\"wp-image-31904\" srcset=\"https:\/\/entretormentas.com\/wp-content\/uploads\/2026\/04\/image-750-1024x770.png 1024w, https:\/\/entretormentas.com\/wp-content\/uploads\/2026\/04\/image-750-300x226.png 300w, https:\/\/entretormentas.com\/wp-content\/uploads\/2026\/04\/image-750-768x578.png 768w, https:\/\/entretormentas.com\/wp-content\/uploads\/2026\/04\/image-750.png 1280w\" sizes=\"(max-width: 1024px) 100vw, 1024px\" \/><\/figure>\n\n\n\n<p><strong>\u00abLOS BONOS NO SON JUSTOS NI DIGNOS\u00bb<\/strong><br>El l\u00edder sindical aprovech\u00f3 la presencia de los representantes de los medios de comunicaci\u00f3n social y redes sociales para afirmar, que el ingreso econ\u00f3mico de los trabajadores venezolanos lamentablemente fue pulverizado por las erradas pol\u00edticas econ\u00f3micas, impuestas por el anterior presidente de la Rep\u00fablica, Nicol\u00e1s Maduro, las cuales tienen pasando hambre a los trabajadores y sus familias.<\/p>\n\n\n\n<p>El presidente de Fetrazulia Advirti\u00f3, que no se conformar\u00e1 con un aumento salarial \u201csimb\u00f3lico\u201d por medio de la figura de \u201cbonos\u201d, que no garantiza la recuperaci\u00f3n del ingreso real y justos de los trabajadores venezolanos, muy lejos de las aspiraciones y necesidades para cubrir la canasta familiar y la consolidaci\u00f3n de una verdadera y merecida calidad de vida.<\/p>\n\n\n\n<p>Yancen advirti\u00f3 que la marcha protesta de este viernes primero de mayo no olvidar\u00e1n la lucha por la libertad plena de todos los presos pol\u00edticos que a\u00fan se encuentran confinados en las c\u00e1rceles del pa\u00eds, las libertades pol\u00edticas plenas y elecciones libres que permitan la transici\u00f3n y cambios en paz que exige todo el pa\u00eds.<br><strong><em>ET \/ Nota de Prensa<\/em><\/strong><\/p>\n","protected":false},"excerpt":{"rendered":"<p>ENTRE TORMENTAS. Este viernes 1ro de mayo la fuerza de los trabajadores del Zulia se&#8230;<\/p>\n","protected":false},"author":2,"featured_media":31902,"comment_status":"closed","ping_status":"open","sticky":false,"template":"","format":"standard","meta":{"footnotes":""},"categories":[57,1],"tags":[],"class_list":["post-31901","post","type-post","status-publish","format-standard","has-post-thumbnail","hentry","category-actualidad","category-regionales"],"_links":{"self":[{"href":"https:\/\/entretormentas.com\/index.php?rest_route=\/wp\/v2\/posts\/31901","targetHints":{"allow":["GET"]}}],"collection":[{"href":"https:\/\/entretormentas.com\/index.php?rest_route=\/wp\/v2\/posts"}],"about":[{"href":"https:\/\/entretormentas.com\/index.php?rest_route=\/wp\/v2\/types\/post"}],"author":[{"embeddable":true,"href":"https:\/\/entretormentas.com\/index.php?rest_route=\/wp\/v2\/users\/2"}],"replies":[{"embeddable":true,"href":"https:\/\/entretormentas.com\/index.php?rest_route=%2Fwp%2Fv2%2Fcomments&post=31901"}],"version-history":[{"count":1,"href":"https:\/\/entretormentas.com\/index.php?rest_route=\/wp\/v2\/posts\/31901\/revisions"}],"predecessor-version":[{"id":31905,"href":"https:\/\/entretormentas.com\/index.php?rest_route=\/wp\/v2\/posts\/31901\/revisions\/31905"}],"wp:featuredmedia":[{"embeddable":true,"href":"https:\/\/entretormentas.com\/index.php?rest_route=\/wp\/v2\/media\/31902"}],"wp:attachment":[{"href":"https:\/\/entretormentas.com\/index.php?rest_route=%2Fwp%2Fv2%2Fmedia&parent=31901"}],"wp:term":[{"taxonomy":"category","embeddable":true,"href":"https:\/\/entretormentas.com\/index.php?rest_route=%2Fwp%2Fv2%2Fcategories&post=31901"},{"taxonomy":"post_tag","embeddable":true,"href":"https:\/\/entretormentas.com\/index.php?rest_route=%2Fwp%2Fv2%2Ftags&post=31901"}],"curies":[{"name":"wp","href":"https:\/\/api.w.org\/{rel}","templated":true}]}}