{"id":31906,"date":"2026-04-29T02:48:00","date_gmt":"2026-04-29T06:48:00","guid":{"rendered":"https:\/\/entretormentas.com\/?p=31906"},"modified":"2026-04-29T02:48:00","modified_gmt":"2026-04-29T06:48:00","slug":"compromiso-adquirido-mas-de-siete-mil-estudiantes-beneficiados-con-becas-universitarias-para-este-2026","status":"publish","type":"post","link":"https:\/\/entretormentas.com\/compromiso-adquirido-mas-de-siete-mil-estudiantes-beneficiados-con-becas-universitarias-para-este-2026\/","title":{"rendered":"\u00a1COMPROMISO ADQUIRIDO! M\u00e1s de siete mil estudiantes beneficiados con becas universitarias para este 2026"},"content":{"rendered":"\n<p><strong>ENTRE TORMENTAS. <\/strong>La gesti\u00f3n del gobernador del Zulia, Luis Caldera, formaliz\u00f3 este martes 28 de abril la entrega de siete mil siete becas universitarias para el periodo 2026.<\/p>\n\n\n\n<p>En un acto desarrollado en el Palacio de Eventos de Maracaibo, y a trav\u00e9s de la Fundaci\u00f3n Dr. Jes\u00fas Enrique Lossada (Fundalossada), se dio inicio a esta fase de asignaciones que garantiza el ingreso y la permanencia de los bachilleres en el sistema de educaci\u00f3n superior.<\/p>\n\n\n\n<figure class=\"wp-block-image size-large\"><img fetchpriority=\"high\" decoding=\"async\" width=\"1024\" height=\"789\" src=\"https:\/\/entretormentas.com\/wp-content\/uploads\/2026\/04\/image-752-1024x789.png\" alt=\"\" class=\"wp-image-31908\" srcset=\"https:\/\/entretormentas.com\/wp-content\/uploads\/2026\/04\/image-752-1024x789.png 1024w, https:\/\/entretormentas.com\/wp-content\/uploads\/2026\/04\/image-752-300x231.png 300w, https:\/\/entretormentas.com\/wp-content\/uploads\/2026\/04\/image-752-768x592.png 768w, https:\/\/entretormentas.com\/wp-content\/uploads\/2026\/04\/image-752.png 1080w\" sizes=\"(max-width: 1024px) 100vw, 1024px\" \/><\/figure>\n\n\n\n<p>Este plan de becas es el resultado de una pol\u00edtica de censo integral que permiti\u00f3 vincular a los aspirantes con 20 instituciones acad\u00e9micas. El proceso administrativo se ejecuta bajo las orientaciones nacionales y en coordinaci\u00f3n con la Oficina de Planificaci\u00f3n del Sector Universitario (OPSU), permitiendo que los beneficiarios inicien sus actividades acad\u00e9micas de manera inmediata.<\/p>\n\n\n\n<p>El gobernador detall\u00f3 la distribuci\u00f3n de los cupos: \u201cEn estas becas hay que destacar que son cuatro mil de universidades p\u00fablicas, es decir, de 10 universidades del pa\u00eds; y son tres mil para las privadas que tienen sus diferentes modalidades y ofertas en carrera. Por otra parte, este beneficio no se limita solamente al apoyo econ\u00f3mico\u201d.<\/p>\n\n\n\n<p>PROYECTO QUE ACOMPA\u00d1A AL ESTUDIANTE<br>La estrategia de la Gobernaci\u00f3n del Zulia no se limita al pago de aranceles; contempla un esquema estructural que incluye atenci\u00f3n en salud y vinculaci\u00f3n laboral. El objetivo es que los estudiantes realicen sus pasant\u00edas en empresas p\u00fablicas y privadas del estado, facilitando su futura incorporaci\u00f3n al mercado de trabajo regional.<\/p>\n\n\n\n<figure class=\"wp-block-image size-large\"><img decoding=\"async\" width=\"1024\" height=\"576\" src=\"https:\/\/entretormentas.com\/wp-content\/uploads\/2026\/04\/image-753-1024x576.png\" alt=\"\" class=\"wp-image-31909\" srcset=\"https:\/\/entretormentas.com\/wp-content\/uploads\/2026\/04\/image-753-1024x576.png 1024w, https:\/\/entretormentas.com\/wp-content\/uploads\/2026\/04\/image-753-300x169.png 300w, https:\/\/entretormentas.com\/wp-content\/uploads\/2026\/04\/image-753-768x432.png 768w, https:\/\/entretormentas.com\/wp-content\/uploads\/2026\/04\/image-753.png 1080w\" sizes=\"(max-width: 1024px) 100vw, 1024px\" \/><\/figure>\n\n\n\n<p>\u201cHablamos de un proyecto estructural que tiene que ver con la salud, la atenci\u00f3n de muchachos y muchachas, la incorporaci\u00f3n a las \u00e1reas de trabajo cuando culminen su etapa universitaria y que puedan desarrollar sus pasant\u00edas en las empresas del Zulia\u201d, explic\u00f3 el mandatario regional.<\/p>\n\n\n\n<p><strong>DIVERSIDAD E INCLUSION<\/strong><br>El registro incluy\u00f3 sectores prioritarios como atletas de alta competencia, comunidades ind\u00edgenas y personas con discapacidad. Los nuevos becarios cursar\u00e1n estudios en la Universidad de las Ciencias de la Salud \u201cHugo Ch\u00e1vez Fr\u00edas\u201d (UCS), la Universidad del Zulia (LUZ), la Universidad Rafael Urdaneta (URU), la Universidad Dr. Rafael Belloso Chac\u00edn (URBE) y la Universidad Cat\u00f3lica Cecilio Acosta (UNICA), entre otras.<\/p>\n\n\n\n<p>Luis Caldera explic\u00f3 la composici\u00f3n del grupo y afirm\u00f3: \u201cAqu\u00ed est\u00e1 el Zulia en su diversidad cultural, acad\u00e9mica y econ\u00f3mica; por eso hoy con gran orgullo y esperanza entregamos estos beneficios\u201d.<\/p>\n\n\n\n<figure class=\"wp-block-image size-large\"><img decoding=\"async\" width=\"1024\" height=\"663\" src=\"https:\/\/entretormentas.com\/wp-content\/uploads\/2026\/04\/image-754-1024x663.png\" alt=\"\" class=\"wp-image-31910\" srcset=\"https:\/\/entretormentas.com\/wp-content\/uploads\/2026\/04\/image-754-1024x663.png 1024w, https:\/\/entretormentas.com\/wp-content\/uploads\/2026\/04\/image-754-300x194.png 300w, https:\/\/entretormentas.com\/wp-content\/uploads\/2026\/04\/image-754-768x497.png 768w, https:\/\/entretormentas.com\/wp-content\/uploads\/2026\/04\/image-754.png 1080w\" sizes=\"(max-width: 1024px) 100vw, 1024px\" \/><\/figure>\n\n\n\n<p><strong>SOSTENIBILIDAD Y PR\u00d3XIMOS INGRESOS<\/strong><br>Sobre el aporte financiero, los estudiantes de universidades p\u00fablicas recibir\u00e1n un estipendio mensual de entre 80 y 100 d\u00f3lares. El dinero llegar\u00e1 a sus cuentas bancarias.<\/p>\n\n\n\n<p>El gobernador concluy\u00f3 informando que el proceso continuar\u00e1 cada tres meses: \u201cEn el caso de las universidades privadas se van asignando por trimestre nuevas incorporaciones, seg\u00fan la capacidad que tengan las universidades. Por ejemplo, la Universidad Rafael Urdaneta hizo un esfuerzo para incorporarnos 80 estudiantes m\u00e1s\u201d.<br><strong><em>ET \/ Prensa Gobernaci\u00f3n del Zulia<\/em><\/strong><\/p>\n\n\n\n<p><\/p>\n","protected":false},"excerpt":{"rendered":"<p>ENTRE TORMENTAS. La gesti\u00f3n del gobernador del Zulia, Luis Caldera, formaliz\u00f3 este martes 28 de&#8230;<\/p>\n","protected":false},"author":2,"featured_media":31907,"comment_status":"closed","ping_status":"open","sticky":false,"template":"","format":"standard","meta":{"footnotes":""},"categories":[56,1],"tags":[],"class_list":["post-31906","post","type-post","status-publish","format-standard","has-post-thumbnail","hentry","category-destacadas","category-regionales"],"_links":{"self":[{"href":"https:\/\/entretormentas.com\/index.php?rest_route=\/wp\/v2\/posts\/31906","targetHints":{"allow":["GET"]}}],"collection":[{"href":"https:\/\/entretormentas.com\/index.php?rest_route=\/wp\/v2\/posts"}],"about":[{"href":"https:\/\/entretormentas.com\/index.php?rest_route=\/wp\/v2\/types\/post"}],"author":[{"embeddable":true,"href":"https:\/\/entretormentas.com\/index.php?rest_route=\/wp\/v2\/users\/2"}],"replies":[{"embeddable":true,"href":"https:\/\/entretormentas.com\/index.php?rest_route=%2Fwp%2Fv2%2Fcomments&post=31906"}],"version-history":[{"count":1,"href":"https:\/\/entretormentas.com\/index.php?rest_route=\/wp\/v2\/posts\/31906\/revisions"}],"predecessor-version":[{"id":31911,"href":"https:\/\/entretormentas.com\/index.php?rest_route=\/wp\/v2\/posts\/31906\/revisions\/31911"}],"wp:featuredmedia":[{"embeddable":true,"href":"https:\/\/entretormentas.com\/index.php?rest_route=\/wp\/v2\/media\/31907"}],"wp:attachment":[{"href":"https:\/\/entretormentas.com\/index.php?rest_route=%2Fwp%2Fv2%2Fmedia&parent=31906"}],"wp:term":[{"taxonomy":"category","embeddable":true,"href":"https:\/\/entretormentas.com\/index.php?rest_route=%2Fwp%2Fv2%2Fcategories&post=31906"},{"taxonomy":"post_tag","embeddable":true,"href":"https:\/\/entretormentas.com\/index.php?rest_route=%2Fwp%2Fv2%2Ftags&post=31906"}],"curies":[{"name":"wp","href":"https:\/\/api.w.org\/{rel}","templated":true}]}}