{"id":31912,"date":"2026-04-29T02:51:48","date_gmt":"2026-04-29T06:51:48","guid":{"rendered":"https:\/\/entretormentas.com\/?p=31912"},"modified":"2026-04-29T02:51:48","modified_gmt":"2026-04-29T06:51:48","slug":"acuerdo-binacional-colombia-y-venezuela-firman-un-acuerdo-para-reactivar-la-conexion-de-energia-electrica","status":"publish","type":"post","link":"https:\/\/entretormentas.com\/acuerdo-binacional-colombia-y-venezuela-firman-un-acuerdo-para-reactivar-la-conexion-de-energia-electrica\/","title":{"rendered":"\u00a1ACUERDO BINACIONAL! Colombia y Venezuela firman un acuerdo para reactivar la conexi\u00f3n de energ\u00eda el\u00e9ctrica"},"content":{"rendered":"\n<p><strong>ENTRE TORMENTAS. <\/strong>Los gobiernos de Venezuela y Colombia firmaron un acuerdo para reactivar la conexi\u00f3n de energ\u00eda el\u00e9ctrica, enmarcado en la nueva etapa de integraci\u00f3n binacional, inform\u00f3 este martes el Ministerio venezolano de Energ\u00eda El\u00e9ctrica, cuatro d\u00edas despu\u00e9s de que los mandatarios de ambos pa\u00edses conversaran sobre el asunto.<\/p>\n\n\n\n<p>A trav\u00e9s de una publicaci\u00f3n en Telegram, la cartera de Estado de Venezuela se\u00f1al\u00f3 que el acuerdo fue suscrito entre la venezolana Corporaci\u00f3n El\u00e9ctrica Nacional (Corpoelec) y el colombiano Instituto de Planificaci\u00f3n y Promoci\u00f3n de Soluciones Energ\u00e9ticas para las Zonas No Interconectadas (IPSE).<\/p>\n\n\n\n<p>\u00abLa alianza representa confianza, cooperaci\u00f3n y una visi\u00f3n compartida de soberan\u00eda energ\u00e9tica para ambos pueblos\u00bb, se\u00f1al\u00f3 el ministerio sin ofrecer m\u00e1s detalles sobre el acuerdo.<\/p>\n\n\n\n<p>El pasado viernes, la presidenta encargada de Venezuela, Delcy Rodr\u00edguez, y el primer mandatario de Colombia, Gustavo Petro, apostaron, tras una reuni\u00f3n en Caracas, por la integraci\u00f3n de sus pa\u00edses en materia de energ\u00eda el\u00e9ctrica y de gas.<\/p>\n\n\n\n<p>Los presidentes hablaron sobre la interconexi\u00f3n el\u00e9ctrica en el oeste de Venezuela, donde hay estados fronterizos con Colombia, una regi\u00f3n que, reconoci\u00f3 Rodr\u00edguez, \u00abpadece lo que ha sido el proceso de desinversi\u00f3n del sistema el\u00e9ctrico nacional producto de sanciones\u00bb que han afectado la provisi\u00f3n de repuestos y el mantenimiento.<\/p>\n\n\n\n<p>\u00abLa interconexi\u00f3n el\u00e9ctrica est\u00e1 ya a un paso y tambi\u00e9n la interconexi\u00f3n gas\u00edfera\u00bb, anticip\u00f3 entonces la l\u00edder chavista, sin dar m\u00e1s detalles al respecto.<\/p>\n\n\n\n<p>Seg\u00fan Rodr\u00edguez, las sanciones contra su pa\u00eds han afectado el suministro de repuestos y el mantenimiento de la red el\u00e9ctrica.<\/p>\n\n\n\n<p>Venezuela sufre a diario fallas en el suministro de energ\u00eda el\u00e9ctrica, sobre todo en regiones alejadas de Caracas, de las que el Gobierno ha responsabilizado en el pasado a la oposici\u00f3n, pese a que militares vigilan las instalaciones del sector.<br><strong><em>ET \/ EFE<\/em><\/strong><\/p>\n","protected":false},"excerpt":{"rendered":"<p>ENTRE TORMENTAS. Los gobiernos de Venezuela y Colombia firmaron un acuerdo para reactivar la conexi\u00f3n&#8230;<\/p>\n","protected":false},"author":2,"featured_media":31913,"comment_status":"closed","ping_status":"open","sticky":false,"template":"","format":"standard","meta":{"footnotes":""},"categories":[56,49],"tags":[],"class_list":["post-31912","post","type-post","status-publish","format-standard","has-post-thumbnail","hentry","category-destacadas","category-nacionales"],"_links":{"self":[{"href":"https:\/\/entretormentas.com\/index.php?rest_route=\/wp\/v2\/posts\/31912","targetHints":{"allow":["GET"]}}],"collection":[{"href":"https:\/\/entretormentas.com\/index.php?rest_route=\/wp\/v2\/posts"}],"about":[{"href":"https:\/\/entretormentas.com\/index.php?rest_route=\/wp\/v2\/types\/post"}],"author":[{"embeddable":true,"href":"https:\/\/entretormentas.com\/index.php?rest_route=\/wp\/v2\/users\/2"}],"replies":[{"embeddable":true,"href":"https:\/\/entretormentas.com\/index.php?rest_route=%2Fwp%2Fv2%2Fcomments&post=31912"}],"version-history":[{"count":1,"href":"https:\/\/entretormentas.com\/index.php?rest_route=\/wp\/v2\/posts\/31912\/revisions"}],"predecessor-version":[{"id":31914,"href":"https:\/\/entretormentas.com\/index.php?rest_route=\/wp\/v2\/posts\/31912\/revisions\/31914"}],"wp:featuredmedia":[{"embeddable":true,"href":"https:\/\/entretormentas.com\/index.php?rest_route=\/wp\/v2\/media\/31913"}],"wp:attachment":[{"href":"https:\/\/entretormentas.com\/index.php?rest_route=%2Fwp%2Fv2%2Fmedia&parent=31912"}],"wp:term":[{"taxonomy":"category","embeddable":true,"href":"https:\/\/entretormentas.com\/index.php?rest_route=%2Fwp%2Fv2%2Fcategories&post=31912"},{"taxonomy":"post_tag","embeddable":true,"href":"https:\/\/entretormentas.com\/index.php?rest_route=%2Fwp%2Fv2%2Ftags&post=31912"}],"curies":[{"name":"wp","href":"https:\/\/api.w.org\/{rel}","templated":true}]}}