{"id":31915,"date":"2026-04-29T02:55:45","date_gmt":"2026-04-29T06:55:45","guid":{"rendered":"https:\/\/entretormentas.com\/?p=31915"},"modified":"2026-04-29T02:55:45","modified_gmt":"2026-04-29T06:55:45","slug":"delcy-rodriguez-habra-mejoras-salariales-pero-que-ese-remedio-no-sea-peor-que-la-enfermedad","status":"publish","type":"post","link":"https:\/\/entretormentas.com\/delcy-rodriguez-habra-mejoras-salariales-pero-que-ese-remedio-no-sea-peor-que-la-enfermedad\/","title":{"rendered":"DELCY RODR\u00cdGUEZ: \u00abHabr\u00e1 mejoras salariales, pero que ese remedio no sea peor que la enfermedad\u00bb"},"content":{"rendered":"\n<p><strong>ENTRE TORMENTAS.<\/strong> La presidenta encargada de Venezuela, Delcy Rodr\u00edguez, particip\u00f3 este martes en un encuentro con sectores sociales en el estado Carabobo, donde se refiri\u00f3 a las expectativas generadas en torno al anuncio salarial previsto para el 1 de mayo.<\/p>\n\n\n\n<p>Rodr\u00edguez advirti\u00f3 sobre lo que calific\u00f3 como un ambiente de \u201csobreexpectativa\u201d respecto al incremento. \u201cYo s\u00e9 tambi\u00e9n quienes andan y crean, han creado un ambiente de sobreexpectativa para el primero de mayo\u201d, expres\u00f3 durante su intervenci\u00f3n.<\/p>\n\n\n\n<p>La funcionaria asegur\u00f3 que el Gobierno trabaja en mejoras para los trabajadores, aunque insisti\u00f3 en que las decisiones deben estar respaldadas por la sostenibilidad econ\u00f3mica.<\/p>\n\n\n\n<figure class=\"wp-block-image size-full\"><img fetchpriority=\"high\" decoding=\"async\" width=\"800\" height=\"500\" src=\"https:\/\/entretormentas.com\/wp-content\/uploads\/2026\/04\/image-757.png\" alt=\"\" class=\"wp-image-31917\" srcset=\"https:\/\/entretormentas.com\/wp-content\/uploads\/2026\/04\/image-757.png 800w, https:\/\/entretormentas.com\/wp-content\/uploads\/2026\/04\/image-757-300x188.png 300w, https:\/\/entretormentas.com\/wp-content\/uploads\/2026\/04\/image-757-768x480.png 768w\" sizes=\"(max-width: 800px) 100vw, 800px\" \/><\/figure>\n\n\n\n<p>\u201cYo les puedo dar la cara para decir habr\u00e1 mejoras, pero que ese remedio no sea peor que la enfermedad\u201d, se\u00f1al\u00f3.<\/p>\n\n\n\n<p>Rodr\u00edguez afirm\u00f3 que las medidas deben responder a criterios de responsabilidad financiera, en medio de la limitada disponibilidad de recursos.<\/p>\n\n\n\n<p>La funcionaria tambi\u00e9n expres\u00f3 reconocimiento hacia los trabajadores del pa\u00eds y evoc\u00f3 referencias personales sobre su v\u00ednculo con el movimiento laboral.<\/p>\n\n\n\n<p>\u201cLos trabajadores del pa\u00eds tienen mi respeto, mi cari\u00f1o, mi amor\u201d, dijo.<\/p>\n\n\n\n<p>El anuncio formal sobre el ajuste salarial est\u00e1 previsto para el 1 de mayo, en el marco del D\u00eda del Trabajador.<br><strong><em>ET \/ Agencias<\/em><\/strong><\/p>\n\n\n\n<p><\/p>\n","protected":false},"excerpt":{"rendered":"<p>ENTRE TORMENTAS. La presidenta encargada de Venezuela, Delcy Rodr\u00edguez, particip\u00f3 este martes en un encuentro&#8230;<\/p>\n","protected":false},"author":2,"featured_media":31916,"comment_status":"closed","ping_status":"open","sticky":false,"template":"","format":"standard","meta":{"footnotes":""},"categories":[56,49],"tags":[],"class_list":["post-31915","post","type-post","status-publish","format-standard","has-post-thumbnail","hentry","category-destacadas","category-nacionales"],"_links":{"self":[{"href":"https:\/\/entretormentas.com\/index.php?rest_route=\/wp\/v2\/posts\/31915","targetHints":{"allow":["GET"]}}],"collection":[{"href":"https:\/\/entretormentas.com\/index.php?rest_route=\/wp\/v2\/posts"}],"about":[{"href":"https:\/\/entretormentas.com\/index.php?rest_route=\/wp\/v2\/types\/post"}],"author":[{"embeddable":true,"href":"https:\/\/entretormentas.com\/index.php?rest_route=\/wp\/v2\/users\/2"}],"replies":[{"embeddable":true,"href":"https:\/\/entretormentas.com\/index.php?rest_route=%2Fwp%2Fv2%2Fcomments&post=31915"}],"version-history":[{"count":1,"href":"https:\/\/entretormentas.com\/index.php?rest_route=\/wp\/v2\/posts\/31915\/revisions"}],"predecessor-version":[{"id":31918,"href":"https:\/\/entretormentas.com\/index.php?rest_route=\/wp\/v2\/posts\/31915\/revisions\/31918"}],"wp:featuredmedia":[{"embeddable":true,"href":"https:\/\/entretormentas.com\/index.php?rest_route=\/wp\/v2\/media\/31916"}],"wp:attachment":[{"href":"https:\/\/entretormentas.com\/index.php?rest_route=%2Fwp%2Fv2%2Fmedia&parent=31915"}],"wp:term":[{"taxonomy":"category","embeddable":true,"href":"https:\/\/entretormentas.com\/index.php?rest_route=%2Fwp%2Fv2%2Fcategories&post=31915"},{"taxonomy":"post_tag","embeddable":true,"href":"https:\/\/entretormentas.com\/index.php?rest_route=%2Fwp%2Fv2%2Ftags&post=31915"}],"curies":[{"name":"wp","href":"https:\/\/api.w.org\/{rel}","templated":true}]}}