{"id":31919,"date":"2026-04-29T03:02:51","date_gmt":"2026-04-29T07:02:51","guid":{"rendered":"https:\/\/entretormentas.com\/?p=31919"},"modified":"2026-04-29T03:02:52","modified_gmt":"2026-04-29T07:02:52","slug":"por-uso-de-un-broche-guyana-se-molesta-con-granada-y-barbados-por-recibir-a-delcy-rodriguez","status":"publish","type":"post","link":"https:\/\/entretormentas.com\/por-uso-de-un-broche-guyana-se-molesta-con-granada-y-barbados-por-recibir-a-delcy-rodriguez\/","title":{"rendered":"\u00a1POR USO DE UN BROCHE! Guyana se molesta con Granada y Barbados por recibir a Delcy Rodr\u00edguez"},"content":{"rendered":"\n<p><strong>ENTRE TORMENTAS. <\/strong>El gobierno de Guyana y el sector privado protestaron este martes por el broche usado en recientes visitas al Caribe por la presidenta encargada, Delcy Rodr\u00edguez, que incluye en el mapa de su pa\u00eds la regi\u00f3n fronteriza en disputa del Esequibo.<\/p>\n\n\n\n<p>Las cr\u00edticas se dirigieron principalmente contra los dos l\u00edderes de la Comunidad del Caribe (Caricom), de la que es miembro Guyana, que recibieron a Rodr\u00edguez este mes de abril: los primeros ministros de Granada, Dickon Mitchell, y de Barbados, Mia Mottley.<\/p>\n\n\n\n<p>La ministra de Educaci\u00f3n de Guyana, Priya Devi Manikchand, escribi\u00f3 en su p\u00e1gina de Facebook que estos hechos le hacen cuestionar \u00ablos principios de estos l\u00edderes de Caricom\u00bb.<\/p>\n\n\n\n<p>\u00abLos l\u00edderes de Caricom se dicen amigos nuestros pero reciben a otros amigos suyos (Rodr\u00edguez) que faltan el respeto a Guyana al reclamar abiertamente dos tercios de mi pa\u00eds y exhibirlo en una joya\u00bb, expres\u00f3.<\/p>\n\n\n\n<figure class=\"wp-block-image size-large\"><img fetchpriority=\"high\" decoding=\"async\" width=\"1024\" height=\"728\" src=\"https:\/\/entretormentas.com\/wp-content\/uploads\/2026\/04\/image-759-1024x728.png\" alt=\"\" class=\"wp-image-31921\" srcset=\"https:\/\/entretormentas.com\/wp-content\/uploads\/2026\/04\/image-759-1024x728.png 1024w, https:\/\/entretormentas.com\/wp-content\/uploads\/2026\/04\/image-759-300x213.png 300w, https:\/\/entretormentas.com\/wp-content\/uploads\/2026\/04\/image-759-768x546.png 768w, https:\/\/entretormentas.com\/wp-content\/uploads\/2026\/04\/image-759.png 1030w\" sizes=\"(max-width: 1024px) 100vw, 1024px\" \/><\/figure>\n\n\n\n<p>Manikchand agreg\u00f3 que \u00abno se debe actuar con cobard\u00eda ni por conveniencia\u00bb, en alusi\u00f3n a Mitchell y Mottley.<\/p>\n\n\n\n<p>Por su parte, la Comisi\u00f3n del Sector Privado de Guyana expres\u00f3 en un comunicado su profunda preocupaci\u00f3n por \u00abla exhibici\u00f3n provocadora de im\u00e1genes\u00bb que representan la regi\u00f3n guyanesa de Esequibo como parte de la Rep\u00fablica Bolivariana de Venezuela.<\/p>\n\n\n\n<p>\u00abEs inaceptable en el marco del derecho internacional y la diplomacia responsable\u00bb y resulta particularmente preocupante cuando ocurre en territorio de Barbados, declar\u00f3 el sector privado, que calific\u00f3 lo sucedido de \u00abagresi\u00f3n simb\u00f3lica destinada moldear narrativas\u00bb.<\/p>\n\n\n\n<p>Rodr\u00edguez se reuni\u00f3 ayer en Barbados con Mottley, en su segundo viaje al Caribe en un mes, tras su visita a Granada, para reforzar las relaciones bilaterales.<\/p>\n\n\n\n<p>La Comisi\u00f3n del Sector Privado inst\u00f3 al Gobierno de Barbados y a Caricom a defender firmemente la soberan\u00eda e integridad territorial de Guyana, ante \u00abel riesgo de socavar la estabilidad regional, erosionar la confianza y debilitar los principios de la resoluci\u00f3n pac\u00edfica de controversias\u00bb.<\/p>\n\n\n\n<p>La Corte Internacional de Justicia (CIJ) tiene previsto iniciar las audiencias orales el 4 de mayo sobre la disputa del Esequibo, una regi\u00f3n fronteriza administrada por Georgetown y reclamada por Caracas.<\/p>\n\n\n\n<p>Si bien Guyana sostiene que el proceso judicial es la \u00fanica v\u00eda leg\u00edtima para resolver la controversia, Venezuela ha cuestionado hist\u00f3ricamente la autoridad de la CIJ, aunque ha participado presentando alegatos por escrito.<\/p>\n\n\n\n<p>Caricom, una agrupaci\u00f3n caribe\u00f1a de 15 miembros de la que son parte tambi\u00e9n Barbados y Granada, ha respaldado sistem\u00e1ticamente la postura de Guyana de que el Esequibo es parte de su territorio.<br><strong><em>ET \/ El Nacional<\/em><\/strong><\/p>\n\n\n\n<p><\/p>\n","protected":false},"excerpt":{"rendered":"<p>ENTRE TORMENTAS. El gobierno de Guyana y el sector privado protestaron este martes por el&#8230;<\/p>\n","protected":false},"author":2,"featured_media":31920,"comment_status":"closed","ping_status":"open","sticky":false,"template":"","format":"standard","meta":{"footnotes":""},"categories":[56,48],"tags":[],"class_list":["post-31919","post","type-post","status-publish","format-standard","has-post-thumbnail","hentry","category-destacadas","category-internacionales"],"_links":{"self":[{"href":"https:\/\/entretormentas.com\/index.php?rest_route=\/wp\/v2\/posts\/31919","targetHints":{"allow":["GET"]}}],"collection":[{"href":"https:\/\/entretormentas.com\/index.php?rest_route=\/wp\/v2\/posts"}],"about":[{"href":"https:\/\/entretormentas.com\/index.php?rest_route=\/wp\/v2\/types\/post"}],"author":[{"embeddable":true,"href":"https:\/\/entretormentas.com\/index.php?rest_route=\/wp\/v2\/users\/2"}],"replies":[{"embeddable":true,"href":"https:\/\/entretormentas.com\/index.php?rest_route=%2Fwp%2Fv2%2Fcomments&post=31919"}],"version-history":[{"count":1,"href":"https:\/\/entretormentas.com\/index.php?rest_route=\/wp\/v2\/posts\/31919\/revisions"}],"predecessor-version":[{"id":31922,"href":"https:\/\/entretormentas.com\/index.php?rest_route=\/wp\/v2\/posts\/31919\/revisions\/31922"}],"wp:featuredmedia":[{"embeddable":true,"href":"https:\/\/entretormentas.com\/index.php?rest_route=\/wp\/v2\/media\/31920"}],"wp:attachment":[{"href":"https:\/\/entretormentas.com\/index.php?rest_route=%2Fwp%2Fv2%2Fmedia&parent=31919"}],"wp:term":[{"taxonomy":"category","embeddable":true,"href":"https:\/\/entretormentas.com\/index.php?rest_route=%2Fwp%2Fv2%2Fcategories&post=31919"},{"taxonomy":"post_tag","embeddable":true,"href":"https:\/\/entretormentas.com\/index.php?rest_route=%2Fwp%2Fv2%2Ftags&post=31919"}],"curies":[{"name":"wp","href":"https:\/\/api.w.org\/{rel}","templated":true}]}}