{"id":31939,"date":"2026-04-30T02:49:45","date_gmt":"2026-04-30T06:49:45","guid":{"rendered":"https:\/\/entretormentas.com\/?p=31939"},"modified":"2026-04-30T02:49:46","modified_gmt":"2026-04-30T06:49:46","slug":"el-9-may-a-la-500-pm-iglesia-luz-del-mundo-celebra-50-anos-con-multitudinario-acto-en-plaza-para-todos","status":"publish","type":"post","link":"https:\/\/entretormentas.com\/el-9-may-a-la-500-pm-iglesia-luz-del-mundo-celebra-50-anos-con-multitudinario-acto-en-plaza-para-todos\/","title":{"rendered":"\u00a1EL 9-MAY A LA 5:00 PM! Iglesia Luz del Mundo celebra 50 a\u00f1os con multitudinario acto en Plaza Para Todos"},"content":{"rendered":"\n<p><strong>ENTRE TORMENTAS. <\/strong>La Iglesia Luz del Mundo se prepara para conmemorar medio siglo de labor espiritual y social en el estado Zulia con una serie de actividades que culminar\u00e1n en un evento multitudinario abierto al p\u00fablico en la emblem\u00e1tica Plaza Para Todos, gracias al apoyo de la Alcald\u00eda Bolivariana de Maracaibo, a trav\u00e9s del Servicio Aut\u00f3nomo Plaza De Todos (Sedeptodos).<\/p>\n\n\n\n<p>Bajo el lema \u201cSostenidos por la mano del Se\u00f1or\u201d, la organizaci\u00f3n celebra 50 a\u00f1os de presencia en la regi\u00f3n, donde ha logrado consolidar m\u00e1s de 200 congregaciones, mientras que a nivel nacional suma cerca de 3 mil.<\/p>\n\n\n\n<p>El pastor Eduardo Parra destac\u00f3 la importancia de esta celebraci\u00f3n, afirmando:<br>\u201cEl gran evento aniversario de la obra evang\u00e9lica Luz del Mundo, que est\u00e1 cumpliendo 50 a\u00f1os de trabajo social cristiano en el estado Zulia\u201d.<\/p>\n\n\n\n<figure class=\"wp-block-image size-large\"><img fetchpriority=\"high\" decoding=\"async\" width=\"1024\" height=\"576\" src=\"https:\/\/entretormentas.com\/wp-content\/uploads\/2026\/04\/image-770-1024x576.png\" alt=\"\" class=\"wp-image-31941\" srcset=\"https:\/\/entretormentas.com\/wp-content\/uploads\/2026\/04\/image-770-1024x576.png 1024w, https:\/\/entretormentas.com\/wp-content\/uploads\/2026\/04\/image-770-300x169.png 300w, https:\/\/entretormentas.com\/wp-content\/uploads\/2026\/04\/image-770-768x432.png 768w, https:\/\/entretormentas.com\/wp-content\/uploads\/2026\/04\/image-770.png 1280w\" sizes=\"(max-width: 1024px) 100vw, 1024px\" \/><\/figure>\n\n\n\n<p>El ministerio tuvo su origen en Guanare, impulsado por la visi\u00f3n del pastor fundador Jaime Banks, y con el paso de los a\u00f1os ha extendido su alcance a diversas ciudades del pa\u00eds, con especial arraigo en Maracaibo.<\/p>\n\n\n\n<p>La programaci\u00f3n aniversaria contempla tres jornadas de gratitud y exaltaci\u00f3n, dise\u00f1adas para reunir a fieles de distintas localidades.<\/p>\n\n\n\n<p>El cierre est\u00e1 previsto para el pr\u00f3ximo 9 de mayo, con una gran concentraci\u00f3n en Plaza Para Todos a partir de las 5:00 de la tarde, donde se espera una asistencia masiva.<\/p>\n\n\n\n<p>La actividad ser\u00e1 gratuita y contar\u00e1 con la predicaci\u00f3n del pastor Alexander Cabrera.<\/p>\n\n\n\n<p>El pastor Eduardo Parra subray\u00f3 la participaci\u00f3n de invitados especiales provenientes de otras regiones del pa\u00eds: \u201cVienen predicadores de otros estados, entre ellos el pastor Alexander Cabrera, de Guanare, estado Portuguesa, y el pastor Juan Banks, jefe de operaciones \u2018Luz del Mundo\u2019, hijo de nuestro hermano Jaime Banks Puertas, fundador de la obra evang\u00e9lica \u2018Luz del Mundo\u2019\u201d.<\/p>\n\n\n\n<p>Con esta jornada hist\u00f3rica, la iglesia reafirma su compromiso con la fe, el servicio comunitario y la expansi\u00f3n de su mensaje, celebrando cinco d\u00e9cadas de impacto en la vida de miles de personas en la regi\u00f3n zuliana.<br><strong><em>ET \/ Prensa Alcald\u00eda de Maracaibo<\/em><\/strong><\/p>\n\n\n\n<p><\/p>\n","protected":false},"excerpt":{"rendered":"<p>ENTRE TORMENTAS. La Iglesia Luz del Mundo se prepara para conmemorar medio siglo de labor&#8230;<\/p>\n","protected":false},"author":2,"featured_media":31940,"comment_status":"closed","ping_status":"open","sticky":false,"template":"","format":"standard","meta":{"footnotes":""},"categories":[1],"tags":[],"class_list":["post-31939","post","type-post","status-publish","format-standard","has-post-thumbnail","hentry","category-regionales"],"_links":{"self":[{"href":"https:\/\/entretormentas.com\/index.php?rest_route=\/wp\/v2\/posts\/31939","targetHints":{"allow":["GET"]}}],"collection":[{"href":"https:\/\/entretormentas.com\/index.php?rest_route=\/wp\/v2\/posts"}],"about":[{"href":"https:\/\/entretormentas.com\/index.php?rest_route=\/wp\/v2\/types\/post"}],"author":[{"embeddable":true,"href":"https:\/\/entretormentas.com\/index.php?rest_route=\/wp\/v2\/users\/2"}],"replies":[{"embeddable":true,"href":"https:\/\/entretormentas.com\/index.php?rest_route=%2Fwp%2Fv2%2Fcomments&post=31939"}],"version-history":[{"count":1,"href":"https:\/\/entretormentas.com\/index.php?rest_route=\/wp\/v2\/posts\/31939\/revisions"}],"predecessor-version":[{"id":31942,"href":"https:\/\/entretormentas.com\/index.php?rest_route=\/wp\/v2\/posts\/31939\/revisions\/31942"}],"wp:featuredmedia":[{"embeddable":true,"href":"https:\/\/entretormentas.com\/index.php?rest_route=\/wp\/v2\/media\/31940"}],"wp:attachment":[{"href":"https:\/\/entretormentas.com\/index.php?rest_route=%2Fwp%2Fv2%2Fmedia&parent=31939"}],"wp:term":[{"taxonomy":"category","embeddable":true,"href":"https:\/\/entretormentas.com\/index.php?rest_route=%2Fwp%2Fv2%2Fcategories&post=31939"},{"taxonomy":"post_tag","embeddable":true,"href":"https:\/\/entretormentas.com\/index.php?rest_route=%2Fwp%2Fv2%2Ftags&post=31939"}],"curies":[{"name":"wp","href":"https:\/\/api.w.org\/{rel}","templated":true}]}}