{"id":31943,"date":"2026-04-30T02:52:35","date_gmt":"2026-04-30T06:52:35","guid":{"rendered":"https:\/\/entretormentas.com\/?p=31943"},"modified":"2026-04-30T02:52:36","modified_gmt":"2026-04-30T06:52:36","slug":"con-lecturas-de-la-obra-de-maria-calcano-alcaldia-de-maracaibo-promueve-la-poesia-con-tertulias-de-plaza","status":"publish","type":"post","link":"https:\/\/entretormentas.com\/con-lecturas-de-la-obra-de-maria-calcano-alcaldia-de-maracaibo-promueve-la-poesia-con-tertulias-de-plaza\/","title":{"rendered":"\u00a1CON LECTURAS DE LA OBRA DE MAR\u00cdA CALCA\u00d1O! Alcald\u00eda de Maracaibo promueve la poes\u00eda con \u201cTertulias de Plaza\u201d"},"content":{"rendered":"\n<p><strong>ENTRE TORMENTAS. <\/strong>Las plazas restauradas por el alcalde de Maracaibo, Giancarlo Di Martino, son espacios devueltos a la ciudad para el reencuentro, por ello, a trav\u00e9s de las direcciones de Planificaci\u00f3n y Cultura, el ayuntamiento municipal promover\u00e1 la poes\u00eda y la historia; con la primera \u201cTertulia de Plaza\u201d, que dar\u00e1 a conocer la obra de la poetisa Mar\u00eda Calca\u00f1o, pionera de la poes\u00eda er\u00f3tica de su \u00e9poca.<\/p>\n\n\n\n<p>Esta primera Tertulia de Plaza, se realizar\u00e1 este 30 de abril en la plaza que lleva su nombre, en el coraz\u00f3n de la Parroquia Ra\u00fal Leoni, espacio recientemente entregado totalmente restaurado por la Alcald\u00eda.<\/p>\n\n\n\n<figure class=\"wp-block-image size-full\"><img fetchpriority=\"high\" decoding=\"async\" width=\"852\" height=\"926\" src=\"https:\/\/entretormentas.com\/wp-content\/uploads\/2026\/04\/image-772.png\" alt=\"\" class=\"wp-image-31945\" srcset=\"https:\/\/entretormentas.com\/wp-content\/uploads\/2026\/04\/image-772.png 852w, https:\/\/entretormentas.com\/wp-content\/uploads\/2026\/04\/image-772-276x300.png 276w, https:\/\/entretormentas.com\/wp-content\/uploads\/2026\/04\/image-772-768x835.png 768w\" sizes=\"(max-width: 852px) 100vw, 852px\" \/><\/figure>\n\n\n\n<p>Liuba Colmenares, directora de Planificaci\u00f3n de la Alcald\u00eda de Maracaibo, resalt\u00f3 que, con la recuperaci\u00f3n de espacios, se reivindica la cultura y el gentilicio de la ciudad, \u201cesta recuperaci\u00f3n de espacios se convierte en el \u00e1gora, en lugar de articulaci\u00f3n, de encuentro para reivindicar la cultura y el gentilicio venezolano. Por ello con la actividad \u00abTertulia de Plaza\u00bb honraremos a nuestra poeta er\u00f3tica, la que reivindic\u00f3 a la mujer a principios de siglo, cuando con vanguardia se atrevi\u00f3 a escribir poemas er\u00f3ticos, nuestra Mar\u00eda Calca\u00f1o\u201d, dijo.<\/p>\n\n\n\n<p><strong>LA CITA ES EN LA PLAZA MAR\u00cdA CALCA\u00d1O<\/strong><br>Esta primera Tertulia de Plaza en la que se honrar\u00e1 la obra, genialidad y valent\u00eda de Mar\u00eda Calca\u00f1o, a cargo del poeta y escritor C\u00f3simo Mandrillo, quien adem\u00e1s es autor de la biograf\u00eda de Calca\u00f1ose realizar\u00e1 en la plaza que lleva su nombre, obra recientemente restaurada y entregada a la colectividad, ubicada en el coraz\u00f3n de la parroquia Ra\u00fal Leoni, sector Valle Claro, este 30 de abril a partir de las 4:30 de la tarde.<\/p>\n\n\n\n<p>Destac\u00f3 Colmenares que, \u201cesta plaza Mar\u00eda Calca\u00f1o, as\u00ed como todos los espacios recuperados por el alcalde Di Martino se convierten en lugares de actividad y movimiento permanente, donde se promueve la cultura, el reencuentro, el aprendizaje, la historia, el deporte, la vida sana y se honra y rememora a los pr\u00f3ceres del pa\u00eds, se\u00f1al\u00f3.<br><strong><em>ET \/ Prensa Alcald\u00eda de Maracaibo<\/em><\/strong><\/p>\n","protected":false},"excerpt":{"rendered":"<p>ENTRE TORMENTAS. Las plazas restauradas por el alcalde de Maracaibo, Giancarlo Di Martino, son espacios&#8230;<\/p>\n","protected":false},"author":2,"featured_media":31944,"comment_status":"closed","ping_status":"open","sticky":false,"template":"","format":"standard","meta":{"footnotes":""},"categories":[1],"tags":[],"class_list":["post-31943","post","type-post","status-publish","format-standard","has-post-thumbnail","hentry","category-regionales"],"_links":{"self":[{"href":"https:\/\/entretormentas.com\/index.php?rest_route=\/wp\/v2\/posts\/31943","targetHints":{"allow":["GET"]}}],"collection":[{"href":"https:\/\/entretormentas.com\/index.php?rest_route=\/wp\/v2\/posts"}],"about":[{"href":"https:\/\/entretormentas.com\/index.php?rest_route=\/wp\/v2\/types\/post"}],"author":[{"embeddable":true,"href":"https:\/\/entretormentas.com\/index.php?rest_route=\/wp\/v2\/users\/2"}],"replies":[{"embeddable":true,"href":"https:\/\/entretormentas.com\/index.php?rest_route=%2Fwp%2Fv2%2Fcomments&post=31943"}],"version-history":[{"count":1,"href":"https:\/\/entretormentas.com\/index.php?rest_route=\/wp\/v2\/posts\/31943\/revisions"}],"predecessor-version":[{"id":31946,"href":"https:\/\/entretormentas.com\/index.php?rest_route=\/wp\/v2\/posts\/31943\/revisions\/31946"}],"wp:featuredmedia":[{"embeddable":true,"href":"https:\/\/entretormentas.com\/index.php?rest_route=\/wp\/v2\/media\/31944"}],"wp:attachment":[{"href":"https:\/\/entretormentas.com\/index.php?rest_route=%2Fwp%2Fv2%2Fmedia&parent=31943"}],"wp:term":[{"taxonomy":"category","embeddable":true,"href":"https:\/\/entretormentas.com\/index.php?rest_route=%2Fwp%2Fv2%2Fcategories&post=31943"},{"taxonomy":"post_tag","embeddable":true,"href":"https:\/\/entretormentas.com\/index.php?rest_route=%2Fwp%2Fv2%2Ftags&post=31943"}],"curies":[{"name":"wp","href":"https:\/\/api.w.org\/{rel}","templated":true}]}}