{"id":31947,"date":"2026-04-30T02:56:13","date_gmt":"2026-04-30T06:56:13","guid":{"rendered":"https:\/\/entretormentas.com\/?p=31947"},"modified":"2026-04-30T02:56:14","modified_gmt":"2026-04-30T06:56:14","slug":"el-2-may-en-el-palacio-de-eventos-mas-de-900-gaiteritos-participaran-en-2do-festival-nacional-de-gaitas-homenaje-a-neguito-borjas","status":"publish","type":"post","link":"https:\/\/entretormentas.com\/el-2-may-en-el-palacio-de-eventos-mas-de-900-gaiteritos-participaran-en-2do-festival-nacional-de-gaitas-homenaje-a-neguito-borjas\/","title":{"rendered":"\u00a1EL 2-MAY EN EL PALACIO DE EVENTOS! M\u00e1s de 900 gaiteritos participar\u00e1n en 2do Festival Nacional de Gaitas homenaje a \u201cNeguito\u201d Borjas"},"content":{"rendered":"\n<p><strong>ENTRE TORMENTAS. <\/strong>El Festival Nacional de la Gaita Infantil-Juvenil 2026 promovido por la Fundaci\u00f3n Nacional de la Gaita \u201cGaiteros de Coraz\u00f3n\u201d, ser\u00e1 el espacio id\u00f3neo para que los m\u00e1s de 900 estudiantes de los diversos n\u00facleos del Instituto Municipal de la Gaita Ricardo Aguirre (IMGRA), muestren su talento en el g\u00e9nero emblema del Zulia y Maracaibo: la gaita.<\/p>\n\n\n\n<p>Ricardo \u201cPel\u00f3n\u201d Aguirre, presidente del IMGRA, instituci\u00f3n adscrita a la Alcald\u00eda de Maracaibo, destac\u00f3 el trabajo que, desde el organismo se desarrolla en todos los rincones del municipio, en funci\u00f3n de seguir con la siembra y fortalecimiento de la gaita en los m\u00e1s peque\u00f1os de la casa.<\/p>\n\n\n\n<figure class=\"wp-block-image size-full\"><img fetchpriority=\"high\" decoding=\"async\" width=\"852\" height=\"825\" src=\"https:\/\/entretormentas.com\/wp-content\/uploads\/2026\/04\/image-774.png\" alt=\"\" class=\"wp-image-31949\" srcset=\"https:\/\/entretormentas.com\/wp-content\/uploads\/2026\/04\/image-774.png 852w, https:\/\/entretormentas.com\/wp-content\/uploads\/2026\/04\/image-774-300x290.png 300w, https:\/\/entretormentas.com\/wp-content\/uploads\/2026\/04\/image-774-768x744.png 768w\" sizes=\"(max-width: 852px) 100vw, 852px\" \/><\/figure>\n\n\n\n<p>Aguirre agradeci\u00f3 al equipo de la Fundaci\u00f3n Nacional de la Gaita Gaiteros de Coraz\u00f3n por ser vitrina para mostrar el talento emergente infantil y juvenil del g\u00e9nero.<\/p>\n\n\n\n<p><strong>VITRINA DE TALENTOS<\/strong><br>En ese sentido explic\u00f3, \u201ceste festival, es un espacio que nos permite a nosotros mostrar el trabajo que hacen instructores, coordinadores, en cada zona de la ciudad; es una labor por dem\u00e1s, bonita e interesante que le permite tambi\u00e9n a los ni\u00f1os, de las escuelas del Imgra, demostrar lo que han aprendido\u201d.<\/p>\n\n\n\n<p>Sigui\u00f3 Aguirre que \u201cesta segunda edici\u00f3n del Festival Nacional de la Gaita Infantil-Juvenil estar\u00e1 llena de muchas cosas lindas, estamos seguros que la inauguraci\u00f3n ser\u00e1 incre\u00edble, el Imgra aportar\u00e1 el talento inigualable y aut\u00e9ntico de m\u00e1s de 900 ni\u00f1os y ni\u00f1as y ello nos impulsa a seguir sin descanso, abriendo espacios de aprendizaje en toda Maracaibo para que la siembra de nuestro g\u00e9nero no se detenga\u201d, a\u00f1adi\u00f3.<\/p>\n\n\n\n<figure class=\"wp-block-image size-full\"><img decoding=\"async\" width=\"852\" height=\"938\" src=\"https:\/\/entretormentas.com\/wp-content\/uploads\/2026\/04\/image-775.png\" alt=\"\" class=\"wp-image-31950\" srcset=\"https:\/\/entretormentas.com\/wp-content\/uploads\/2026\/04\/image-775.png 852w, https:\/\/entretormentas.com\/wp-content\/uploads\/2026\/04\/image-775-272x300.png 272w, https:\/\/entretormentas.com\/wp-content\/uploads\/2026\/04\/image-775-768x846.png 768w\" sizes=\"(max-width: 852px) 100vw, 852px\" \/><\/figure>\n\n\n\n<p>La segunda edici\u00f3n del festival organizado por el gobierno nacional a trav\u00e9s de la Fundaci\u00f3n Nacional de la Gaita Gaiteros de Coraz\u00f3n, rendir\u00e1 homenaje a Abd\u00e9nago \u201cNeguito\u201d Borjas por sus 50 a\u00f1os de trayectoria musical.<\/p>\n\n\n\n<p>Su inauguraci\u00f3n ser\u00e1 este 2 de mayo en el Palacio de los Eventos de Maracaibo, ubicado en la Circunvalaci\u00f3n N\u00b0 2, en horas de la ma\u00f1ana y reunir\u00e1 a cientos de ni\u00f1os, ni\u00f1as y adolescentes de entre 6 y 17 a\u00f1os, no profesionales que mostrar\u00e1n todo su talento.<\/p>\n\n\n\n<p>El 2 de mayo inicia el festival con un espect\u00e1culo que, magistralmente prepara la fundaci\u00f3n nacional y que marcar\u00e1 el arranque de la Ruta Gaitera que recorrer\u00e1 diversas parroquias marabinas donde la gaita, el ritmo y la alegr\u00eda caracter\u00edstica de este g\u00e9nero son siempre protagonistas.<\/p>\n\n\n\n<p>El Imgra cuenta hasta ahora con 62 n\u00facleos de aprendizaje en todo el municipio, espacios donde se imparten conocimientos de forma integral en materia de ejecuci\u00f3n de instrumentos y canto.<br><strong><em>ET \/ Prensa Alcald\u00eda de Maracaibo<\/em><\/strong><\/p>\n\n\n\n<p><\/p>\n","protected":false},"excerpt":{"rendered":"<p>ENTRE TORMENTAS. El Festival Nacional de la Gaita Infantil-Juvenil 2026 promovido por la Fundaci\u00f3n Nacional&#8230;<\/p>\n","protected":false},"author":2,"featured_media":31948,"comment_status":"closed","ping_status":"open","sticky":false,"template":"","format":"standard","meta":{"footnotes":""},"categories":[54],"tags":[],"class_list":["post-31947","post","type-post","status-publish","format-standard","has-post-thumbnail","hentry","category-espectaculos"],"_links":{"self":[{"href":"https:\/\/entretormentas.com\/index.php?rest_route=\/wp\/v2\/posts\/31947","targetHints":{"allow":["GET"]}}],"collection":[{"href":"https:\/\/entretormentas.com\/index.php?rest_route=\/wp\/v2\/posts"}],"about":[{"href":"https:\/\/entretormentas.com\/index.php?rest_route=\/wp\/v2\/types\/post"}],"author":[{"embeddable":true,"href":"https:\/\/entretormentas.com\/index.php?rest_route=\/wp\/v2\/users\/2"}],"replies":[{"embeddable":true,"href":"https:\/\/entretormentas.com\/index.php?rest_route=%2Fwp%2Fv2%2Fcomments&post=31947"}],"version-history":[{"count":1,"href":"https:\/\/entretormentas.com\/index.php?rest_route=\/wp\/v2\/posts\/31947\/revisions"}],"predecessor-version":[{"id":31951,"href":"https:\/\/entretormentas.com\/index.php?rest_route=\/wp\/v2\/posts\/31947\/revisions\/31951"}],"wp:featuredmedia":[{"embeddable":true,"href":"https:\/\/entretormentas.com\/index.php?rest_route=\/wp\/v2\/media\/31948"}],"wp:attachment":[{"href":"https:\/\/entretormentas.com\/index.php?rest_route=%2Fwp%2Fv2%2Fmedia&parent=31947"}],"wp:term":[{"taxonomy":"category","embeddable":true,"href":"https:\/\/entretormentas.com\/index.php?rest_route=%2Fwp%2Fv2%2Fcategories&post=31947"},{"taxonomy":"post_tag","embeddable":true,"href":"https:\/\/entretormentas.com\/index.php?rest_route=%2Fwp%2Fv2%2Ftags&post=31947"}],"curies":[{"name":"wp","href":"https:\/\/api.w.org\/{rel}","templated":true}]}}