{"id":31952,"date":"2026-04-30T02:59:00","date_gmt":"2026-04-30T06:59:00","guid":{"rendered":"https:\/\/entretormentas.com\/?p=31952"},"modified":"2026-04-30T02:59:00","modified_gmt":"2026-04-30T06:59:00","slug":"fortaleciendo-la-legalidad-y-la-seguridad-inmobiliaria-municipal-realiza-abordaje-integral-en-el-terminal-de-transporte-de-maracaibo","status":"publish","type":"post","link":"https:\/\/entretormentas.com\/fortaleciendo-la-legalidad-y-la-seguridad-inmobiliaria-municipal-realiza-abordaje-integral-en-el-terminal-de-transporte-de-maracaibo\/","title":{"rendered":"\u00a1FORTALECIENDO LA LEGALIDAD Y LA SEGURIDAD! Inmobiliaria Municipal realiza abordaje integral en el Terminal de Transporte de Maracaibo"},"content":{"rendered":"\n<p><strong>ENTRE TORMENTAS. <\/strong>En cumplimiento con el Plan de Reordenamiento de Espacios P\u00fablicos impulsado por la Alcald\u00eda de Maracaibo, este mi\u00e9rcoles la Inmobiliaria Municipal inici\u00f3 un despliegue t\u00e9cnico y administrativo en las instalaciones del Terminal de Transporte Terrestre de Maracaibo.<\/p>\n\n\n\n<p>As\u00ed lo dio a conocer, Carlos Villalobos, presidente de la Inmobiliaria Municipal de Maracaibo, quien se\u00f1al\u00f3 que se encontraba \u201crecorriendo las instalaciones \u201clocal por local\u201d, acompa\u00f1ado del director del Terminal, Lenin Gonz\u00e1lez, estableciendo un canal de comunicaci\u00f3n directo con los comerciantes para avanzar hacia una gesti\u00f3n m\u00e1s organizada y transparente.\u201d<\/p>\n\n\n\n<p>Agreg\u00f3 que el operativo tiene como objetivo principal fortalecer la legalidad, la seguridad y la eficiencia de este importante espacio comercial y de servicios de la ciudad.<\/p>\n\n\n\n<figure class=\"wp-block-image size-large\"><img fetchpriority=\"high\" decoding=\"async\" width=\"576\" height=\"1024\" src=\"https:\/\/entretormentas.com\/wp-content\/uploads\/2026\/04\/image-777-576x1024.png\" alt=\"\" class=\"wp-image-31954\" srcset=\"https:\/\/entretormentas.com\/wp-content\/uploads\/2026\/04\/image-777-576x1024.png 576w, https:\/\/entretormentas.com\/wp-content\/uploads\/2026\/04\/image-777-169x300.png 169w, https:\/\/entretormentas.com\/wp-content\/uploads\/2026\/04\/image-777.png 720w\" sizes=\"(max-width: 576px) 100vw, 576px\" \/><\/figure>\n\n\n\n<p>Villalobos explic\u00f3 que la jornada contempla tres \u00e1reas de acci\u00f3n fundamentales para la optimizaci\u00f3n del servicio: la primera tiene que ver con la seguridad jur\u00eddica que consiste en una revisi\u00f3n exhaustiva del estatus legal de cada local, garantizando que los adjudicatarios operen bajo la normativa vigente.<\/p>\n\n\n\n<p>La segunda \u00e1rea est\u00e1 fundamentada en la sustentabilidad y reinversi\u00f3n con la finalidad de verificar el cumplimiento del canon de adjudicaci\u00f3n. La regularizaci\u00f3n de estos compromisos financieros es vital para garantizar la reinversi\u00f3n en mejoras de infraestructura, iluminaci\u00f3n y mantenimiento general del terminal.<\/p>\n\n\n\n<p>Indic\u00f3 Villalobos que la tercera \u00e1rea est\u00e1 referida a la Atenci\u00f3n al Comerciante, en donde el despliegue prioriza el escuchar las necesidades de quienes impulsan la actividad econ\u00f3mica diaria, buscando soluciones conjuntas a las problem\u00e1ticas detectadas.<\/p>\n\n\n\n<p>\u201cNuestro objetivo es transformar el terminal en un modelo de gesti\u00f3n. No se trata solo de fiscalizar, sino de acompa\u00f1ar al comerciante para que su actividad se desarrolle en un ambiente digno, seguro y eficiente\u00bb, destac\u00f3 Carlos Villalobos.<br><strong><em>ET \/ Prensa Alcald\u00eda de Maracaibo<\/em><\/strong><\/p>\n\n\n\n<p><\/p>\n","protected":false},"excerpt":{"rendered":"<p>ENTRE TORMENTAS. En cumplimiento con el Plan de Reordenamiento de Espacios P\u00fablicos impulsado por la&#8230;<\/p>\n","protected":false},"author":2,"featured_media":31953,"comment_status":"closed","ping_status":"open","sticky":false,"template":"","format":"standard","meta":{"footnotes":""},"categories":[57,1],"tags":[],"class_list":["post-31952","post","type-post","status-publish","format-standard","has-post-thumbnail","hentry","category-actualidad","category-regionales"],"_links":{"self":[{"href":"https:\/\/entretormentas.com\/index.php?rest_route=\/wp\/v2\/posts\/31952","targetHints":{"allow":["GET"]}}],"collection":[{"href":"https:\/\/entretormentas.com\/index.php?rest_route=\/wp\/v2\/posts"}],"about":[{"href":"https:\/\/entretormentas.com\/index.php?rest_route=\/wp\/v2\/types\/post"}],"author":[{"embeddable":true,"href":"https:\/\/entretormentas.com\/index.php?rest_route=\/wp\/v2\/users\/2"}],"replies":[{"embeddable":true,"href":"https:\/\/entretormentas.com\/index.php?rest_route=%2Fwp%2Fv2%2Fcomments&post=31952"}],"version-history":[{"count":1,"href":"https:\/\/entretormentas.com\/index.php?rest_route=\/wp\/v2\/posts\/31952\/revisions"}],"predecessor-version":[{"id":31955,"href":"https:\/\/entretormentas.com\/index.php?rest_route=\/wp\/v2\/posts\/31952\/revisions\/31955"}],"wp:featuredmedia":[{"embeddable":true,"href":"https:\/\/entretormentas.com\/index.php?rest_route=\/wp\/v2\/media\/31953"}],"wp:attachment":[{"href":"https:\/\/entretormentas.com\/index.php?rest_route=%2Fwp%2Fv2%2Fmedia&parent=31952"}],"wp:term":[{"taxonomy":"category","embeddable":true,"href":"https:\/\/entretormentas.com\/index.php?rest_route=%2Fwp%2Fv2%2Fcategories&post=31952"},{"taxonomy":"post_tag","embeddable":true,"href":"https:\/\/entretormentas.com\/index.php?rest_route=%2Fwp%2Fv2%2Ftags&post=31952"}],"curies":[{"name":"wp","href":"https:\/\/api.w.org\/{rel}","templated":true}]}}