{"id":31956,"date":"2026-04-30T03:02:33","date_gmt":"2026-04-30T07:02:33","guid":{"rendered":"https:\/\/entretormentas.com\/?p=31956"},"modified":"2026-04-30T03:02:34","modified_gmt":"2026-04-30T07:02:34","slug":"apoyo-y-transparencia-gobernacion-supervisa-proceso-de-inscripcion-de-nuevos-becarios-de-fundalossada","status":"publish","type":"post","link":"https:\/\/entretormentas.com\/apoyo-y-transparencia-gobernacion-supervisa-proceso-de-inscripcion-de-nuevos-becarios-de-fundalossada\/","title":{"rendered":"\u00a1APOYO Y TRANSPARENCIA! Gobernaci\u00f3n supervisa proceso de inscripci\u00f3n de nuevos becarios de Fundalossada"},"content":{"rendered":"\n<p><strong>ENTRE TORMENTAS.<\/strong> Tras el masivo acto de entrega de certificados presidido por el gobernador Luis Caldera, este mi\u00e9rcoles 29 de abril, se despleg\u00f3 un operativo de acompa\u00f1amiento en las principales universidades privadas del estado para formalizar la inscripci\u00f3n de los nuevos becarios de Fundalossada.<\/p>\n\n\n\n<p>El secretario de Educaci\u00f3n Superior, Enrique Parra, junto al presidente de Fundalossada, Andr\u00e9s Ponnefz, recorrieron instituciones como Universidad Rafael Belloso Chac\u00edn (Urbe); la Universidad Cat\u00f3lica Cecilio Acosta (Unica), la Universidad Jos\u00e9 Gregorio Hern\u00e1ndez y el Instituto Universitario Polit\u00e9cnico Santiago Mari\u00f1o. Parra destac\u00f3 que el proceso avanza con rapidez, permitiendo que miles de j\u00f3venes materialicen su ingreso al sistema acad\u00e9mico de manera inmediata.<\/p>\n\n\n\n<figure class=\"wp-block-image size-large\"><img fetchpriority=\"high\" decoding=\"async\" width=\"1024\" height=\"768\" src=\"https:\/\/entretormentas.com\/wp-content\/uploads\/2026\/04\/image-779-1024x768.png\" alt=\"\" class=\"wp-image-31958\" srcset=\"https:\/\/entretormentas.com\/wp-content\/uploads\/2026\/04\/image-779-1024x768.png 1024w, https:\/\/entretormentas.com\/wp-content\/uploads\/2026\/04\/image-779-300x225.png 300w, https:\/\/entretormentas.com\/wp-content\/uploads\/2026\/04\/image-779-768x576.png 768w, https:\/\/entretormentas.com\/wp-content\/uploads\/2026\/04\/image-779.png 1280w\" sizes=\"(max-width: 1024px) 100vw, 1024px\" \/><\/figure>\n\n\n\n<p>\u00abEstamos realizando un muestreo donde los muchachos ya est\u00e1n inscribiendo sus materias para iniciar clases. Es un acto de compromiso que incluye un cap\u00edtulo hist\u00f3rico para las universidades p\u00fablicas; el gobernador instruy\u00f3 un aporte econ\u00f3mico mensual que, por su propia disposici\u00f3n, ya fue ajustado de 60 a 80 d\u00f3lares progresivos para los gastos de los estudiantes\u00bb, inform\u00f3 Parra<\/p>\n\n\n\n<p>Por su parte, el presidente de Fundalossada, Ponnefz, resalt\u00f3 la log\u00edstica dispuesta para atender a los beneficiarios: \u00abContamos con equipos preparados en cada universidad para que el proceso sea r\u00e1pido. Si alg\u00fan becario presenta alg\u00fan error o inconveniente, nuestras oficinas est\u00e1n abiertas para resolver casos espec\u00edficos. Estamos satisfechos de ver c\u00f3mo se materializa esta esperanza para la juventud\u00bb, afirm\u00f3.<\/p>\n\n\n\n<p>El impacto del programa se refleja en los propios estudiantes. Luisana Fuenmayor, beneficiaria para Ingenier\u00eda de Sistemas en el Santiago Mari\u00f1o, expres\u00f3 su gratitud: \u00abNo pensaba poder estudiar en esta universidad. Estoy muy agradecida con el gobernador Caldera porque hoy acceder a una instituci\u00f3n privada es dif\u00edcil; invito a todos a aprovechar esta oportunidad\u00bb, se\u00f1al\u00f3.<\/p>\n\n\n\n<figure class=\"wp-block-image size-large\"><img decoding=\"async\" width=\"1024\" height=\"768\" src=\"https:\/\/entretormentas.com\/wp-content\/uploads\/2026\/04\/image-780-1024x768.png\" alt=\"\" class=\"wp-image-31959\" srcset=\"https:\/\/entretormentas.com\/wp-content\/uploads\/2026\/04\/image-780-1024x768.png 1024w, https:\/\/entretormentas.com\/wp-content\/uploads\/2026\/04\/image-780-300x225.png 300w, https:\/\/entretormentas.com\/wp-content\/uploads\/2026\/04\/image-780-768x576.png 768w, https:\/\/entretormentas.com\/wp-content\/uploads\/2026\/04\/image-780.png 1280w\" sizes=\"(max-width: 1024px) 100vw, 1024px\" \/><\/figure>\n\n\n\n<p>Asimismo, autoridades universitarias como el vicerrector acad\u00e9mico de la Urbe, Pl\u00e1cido Mart\u00ednez, confirmaron la incorporaci\u00f3n de los nuevos estudiantes, valorando la articulaci\u00f3n entre el sector universitario y el Gobierno Regional.<\/p>\n\n\n\n<p>Este despliegue reafirma la palabra dada por el mandatario zuliano con el desarrollo integral del estado, garantizando no solo el cupo universitario, sino el acompa\u00f1amiento econ\u00f3mico y social de los estudiantes en esta primera fase del Censo de Becas 2026.<br><strong><em>ET \/ Prensa Gobernaci\u00f3n del Zulia<\/em><\/strong><\/p>\n\n\n\n<p><\/p>\n","protected":false},"excerpt":{"rendered":"<p>ENTRE TORMENTAS. Tras el masivo acto de entrega de certificados presidido por el gobernador Luis&#8230;<\/p>\n","protected":false},"author":2,"featured_media":31957,"comment_status":"closed","ping_status":"open","sticky":false,"template":"","format":"standard","meta":{"footnotes":""},"categories":[57,1],"tags":[],"class_list":["post-31956","post","type-post","status-publish","format-standard","has-post-thumbnail","hentry","category-actualidad","category-regionales"],"_links":{"self":[{"href":"https:\/\/entretormentas.com\/index.php?rest_route=\/wp\/v2\/posts\/31956","targetHints":{"allow":["GET"]}}],"collection":[{"href":"https:\/\/entretormentas.com\/index.php?rest_route=\/wp\/v2\/posts"}],"about":[{"href":"https:\/\/entretormentas.com\/index.php?rest_route=\/wp\/v2\/types\/post"}],"author":[{"embeddable":true,"href":"https:\/\/entretormentas.com\/index.php?rest_route=\/wp\/v2\/users\/2"}],"replies":[{"embeddable":true,"href":"https:\/\/entretormentas.com\/index.php?rest_route=%2Fwp%2Fv2%2Fcomments&post=31956"}],"version-history":[{"count":1,"href":"https:\/\/entretormentas.com\/index.php?rest_route=\/wp\/v2\/posts\/31956\/revisions"}],"predecessor-version":[{"id":31960,"href":"https:\/\/entretormentas.com\/index.php?rest_route=\/wp\/v2\/posts\/31956\/revisions\/31960"}],"wp:featuredmedia":[{"embeddable":true,"href":"https:\/\/entretormentas.com\/index.php?rest_route=\/wp\/v2\/media\/31957"}],"wp:attachment":[{"href":"https:\/\/entretormentas.com\/index.php?rest_route=%2Fwp%2Fv2%2Fmedia&parent=31956"}],"wp:term":[{"taxonomy":"category","embeddable":true,"href":"https:\/\/entretormentas.com\/index.php?rest_route=%2Fwp%2Fv2%2Fcategories&post=31956"},{"taxonomy":"post_tag","embeddable":true,"href":"https:\/\/entretormentas.com\/index.php?rest_route=%2Fwp%2Fv2%2Ftags&post=31956"}],"curies":[{"name":"wp","href":"https:\/\/api.w.org\/{rel}","templated":true}]}}