{"id":31961,"date":"2026-04-30T03:05:40","date_gmt":"2026-04-30T07:05:40","guid":{"rendered":"https:\/\/entretormentas.com\/?p=31961"},"modified":"2026-04-30T03:05:40","modified_gmt":"2026-04-30T07:05:40","slug":"100-anos-de-un-legado-alcaldia-de-maracaibo-rinde-tributo-a-udon-perez-con-un-simposio-en-su-honor","status":"publish","type":"post","link":"https:\/\/entretormentas.com\/100-anos-de-un-legado-alcaldia-de-maracaibo-rinde-tributo-a-udon-perez-con-un-simposio-en-su-honor\/","title":{"rendered":"\u00a1100 A\u00d1OS DE UN LEGADO! Alcald\u00eda de Maracaibo rinde tributo a Ud\u00f3n P\u00e9rez con un simposio en su honor"},"content":{"rendered":"\n<p><strong>ENTRE TORMENTAS. <\/strong>En el marco del centenario de la siembra del \u00abGran Bardo\u00bb, el Museo de Artes Gr\u00e1ficas Luis Chac\u00f3n se convirti\u00f3 en el epicentro del pensamiento y la memoria con la celebraci\u00f3n del simposio: \u201cUd\u00f3n P\u00e9rez, 100 a\u00f1os de presencia y trascendencia en Maracaibo\u201d, organizado por la Alcald\u00eda de Maracaibo, a trav\u00e9s de su direcci\u00f3n de Cultura.<\/p>\n\n\n\n<p>El evento, que reuni\u00f3 a destacados intelectuales, autoridades y familiares del poeta, se desarroll\u00f3 durante los d\u00edas 28 y 29 de abril, reafirmando la vigencia de la obra de quien es pilar fundamental de la identidad zuliana.<\/p>\n\n\n\n<figure class=\"wp-block-image size-large\"><img fetchpriority=\"high\" decoding=\"async\" width=\"1024\" height=\"768\" src=\"https:\/\/entretormentas.com\/wp-content\/uploads\/2026\/04\/image-782-1024x768.png\" alt=\"\" class=\"wp-image-31963\" srcset=\"https:\/\/entretormentas.com\/wp-content\/uploads\/2026\/04\/image-782-1024x768.png 1024w, https:\/\/entretormentas.com\/wp-content\/uploads\/2026\/04\/image-782-300x225.png 300w, https:\/\/entretormentas.com\/wp-content\/uploads\/2026\/04\/image-782-768x576.png 768w, https:\/\/entretormentas.com\/wp-content\/uploads\/2026\/04\/image-782.png 1280w\" sizes=\"(max-width: 1024px) 100vw, 1024px\" \/><\/figure>\n\n\n\n<p>Como parte de la programaci\u00f3n, se inaugur\u00f3 la exposici\u00f3n \u00abLa Ciudad de Ud\u00f3n\u00bb, una propuesta pl\u00e1stica y pedag\u00f3gica del profesor y artista Nerio Hern\u00e1ndez. La muestra sumerge al espectador en el contexto hist\u00f3rico y social del \u00abGran Bardo\u00bb, exhibiendo una cuidada selecci\u00f3n de objetos y obras que rinden tributo tanto a la Maracaibo de anta\u00f1o como al legado del poeta Ud\u00f3n P\u00e9rez.<\/p>\n\n\n\n<p><strong>UN ENCUENTRO CON LA HISTORIA<\/strong><br>La jornada inaugural del 28 de abril inici\u00f3 con el an\u00e1lisis del Dr. C\u00f3simo Mandrillo, quien explor\u00f3 la figura del autor entre la poes\u00eda y el mito urbano, seguido por el Cronista de la Ciudad, Dr. Reyber Parra, quien destac\u00f3 la faceta de Ud\u00f3n como concejal comprometido con el desarrollo de Maracaibo.<\/p>\n\n\n\n<p>El cierre de hoy, 29 de abril, profundiz\u00f3 en el entorno y la humanidad del bardo con las ponencias: \u00abLa ciudad de Ud\u00f3n\u00bb ofrecida por los licenciados Nerio Hern\u00e1ndez y Milagros V\u00edlchez.<\/p>\n\n\n\n<p>Igualmente \u201cPerfil humano de Ud\u00f3n P\u00e9rez\u201d, a cargo de la Magister Ang\u00e9lica Reyes de V\u00edlchez; \u201cIncidente entre los poetas Ud\u00f3n P\u00e9rez e Idelfonso V\u00e1squez\u00bb, un an\u00e1lisis hist\u00f3rico presentado por el Dr. Jes\u00fas Sempr\u00fan Parra.<\/p>\n\n\n\n<figure class=\"wp-block-image size-large\"><img decoding=\"async\" width=\"1024\" height=\"768\" src=\"https:\/\/entretormentas.com\/wp-content\/uploads\/2026\/04\/image-783-1024x768.png\" alt=\"\" class=\"wp-image-31964\" srcset=\"https:\/\/entretormentas.com\/wp-content\/uploads\/2026\/04\/image-783-1024x768.png 1024w, https:\/\/entretormentas.com\/wp-content\/uploads\/2026\/04\/image-783-300x225.png 300w, https:\/\/entretormentas.com\/wp-content\/uploads\/2026\/04\/image-783-768x576.png 768w, https:\/\/entretormentas.com\/wp-content\/uploads\/2026\/04\/image-783.png 1280w\" sizes=\"(max-width: 1024px) 100vw, 1024px\" \/><\/figure>\n\n\n\n<p><strong>VOCES DE ORGULLO Y COMPROMISO<\/strong><br>El encuentro cont\u00f3 con la presencia emotiva de Beatriz P\u00e9rez y Carmen Cristina P\u00e9rez, nietas del poeta. Beatriz expres\u00f3 su gratitud por este homenaje, destacando que se sent\u00eda \u201cfeliz por el amor que le tiene a\u00fan a mi pap\u00e1 Ud\u00f3n como lo llam\u00e1bamos, mantener viva su memoria, de mantener viva la esencia misma de la ciudad\u201d.<\/p>\n\n\n\n<p>Por su parte, el Director de Cultura, Ram\u00f3n Colina, resalt\u00f3 la importancia de estas actividades para las nuevas generaciones de educadores y estudiantes presentes: \u201cUd\u00f3n no es solo pasado, es una presencia viva que sigue dictando el ritmo cultural de nuestra regi\u00f3n\u201d.<\/p>\n\n\n\n<p>\u201cAsistir al simposio sobre Ud\u00f3n P\u00e9rez fue una experiencia enriquecedora. Me encant\u00f3 c\u00f3mo los ponentes rescataron la vigencia de su obra po\u00e9tica y su amor por el Zulia. Salgo motivada a releer sus versos y a valorar m\u00e1s nuestra identidad maracaibera. \u00a1Excelente organizaci\u00f3n en el Museo Luis Chac\u00f3n!, destac\u00f3 Yusmary Morales, asistente a la actividad.<br><strong><em>ET \/ Prensa Alcald\u00eda de Maracaibo<\/em><\/strong><\/p>\n\n\n\n<p><\/p>\n","protected":false},"excerpt":{"rendered":"<p>ENTRE TORMENTAS. En el marco del centenario de la siembra del \u00abGran Bardo\u00bb, el Museo&#8230;<\/p>\n","protected":false},"author":2,"featured_media":31962,"comment_status":"closed","ping_status":"open","sticky":false,"template":"","format":"standard","meta":{"footnotes":""},"categories":[1],"tags":[],"class_list":["post-31961","post","type-post","status-publish","format-standard","has-post-thumbnail","hentry","category-regionales"],"_links":{"self":[{"href":"https:\/\/entretormentas.com\/index.php?rest_route=\/wp\/v2\/posts\/31961","targetHints":{"allow":["GET"]}}],"collection":[{"href":"https:\/\/entretormentas.com\/index.php?rest_route=\/wp\/v2\/posts"}],"about":[{"href":"https:\/\/entretormentas.com\/index.php?rest_route=\/wp\/v2\/types\/post"}],"author":[{"embeddable":true,"href":"https:\/\/entretormentas.com\/index.php?rest_route=\/wp\/v2\/users\/2"}],"replies":[{"embeddable":true,"href":"https:\/\/entretormentas.com\/index.php?rest_route=%2Fwp%2Fv2%2Fcomments&post=31961"}],"version-history":[{"count":1,"href":"https:\/\/entretormentas.com\/index.php?rest_route=\/wp\/v2\/posts\/31961\/revisions"}],"predecessor-version":[{"id":31965,"href":"https:\/\/entretormentas.com\/index.php?rest_route=\/wp\/v2\/posts\/31961\/revisions\/31965"}],"wp:featuredmedia":[{"embeddable":true,"href":"https:\/\/entretormentas.com\/index.php?rest_route=\/wp\/v2\/media\/31962"}],"wp:attachment":[{"href":"https:\/\/entretormentas.com\/index.php?rest_route=%2Fwp%2Fv2%2Fmedia&parent=31961"}],"wp:term":[{"taxonomy":"category","embeddable":true,"href":"https:\/\/entretormentas.com\/index.php?rest_route=%2Fwp%2Fv2%2Fcategories&post=31961"},{"taxonomy":"post_tag","embeddable":true,"href":"https:\/\/entretormentas.com\/index.php?rest_route=%2Fwp%2Fv2%2Ftags&post=31961"}],"curies":[{"name":"wp","href":"https:\/\/api.w.org\/{rel}","templated":true}]}}