{"id":31966,"date":"2026-04-30T03:10:01","date_gmt":"2026-04-30T07:10:01","guid":{"rendered":"https:\/\/entretormentas.com\/?p=31966"},"modified":"2026-04-30T03:10:02","modified_gmt":"2026-04-30T07:10:02","slug":"adelanto-con-programacion-festival-omar-enrique-anuncia-que-60-artistas-animaran-la-lx-feria-de-la-chinita-2026","status":"publish","type":"post","link":"https:\/\/entretormentas.com\/adelanto-con-programacion-festival-omar-enrique-anuncia-que-60-artistas-animaran-la-lx-feria-de-la-chinita-2026\/","title":{"rendered":"\u00a1ADELANTO CON PROGRAMACI\u00d3N FESTIVAL! Omar Enrique anuncia que 60 artistas animar\u00e1n la LX Feria de la Chinita 2026"},"content":{"rendered":"\n<p><strong><em>Con seis meses de preparaci\u00f3n adelantada, Maracaibo se alista para celebrar una de sus tradiciones m\u00e1s importantes con una edici\u00f3n hist\u00f3rica que promete cultura, m\u00fasica y desarrollo econ\u00f3mico para la regi\u00f3n<\/em><\/strong><\/p>\n\n\n\n<p><strong>ENTRE TORMENTAS. <\/strong>Con una presentaci\u00f3n de baile llena de energ\u00eda y al ritmo de los grandes cl\u00e1sicos del \u201cRey del Pop\u201d, se dio inicio a la rueda de prensa de la 60.\u00aa edici\u00f3n de la Feria Internacional de la Chinita, donde las autoridades ofrecieron un adelanto de la programaci\u00f3n especial que marcar\u00e1 este importante aniversario.<\/p>\n\n\n\n<p>El evento, considerado uno de los m\u00e1s emblem\u00e1ticos de la regi\u00f3n zuliana, contar\u00e1 con una duraci\u00f3n extendida por decreto del alcalde de Maracaibo, Giancarlo Di Martino, que comienza \u201cel d\u00eda de la bajada de la Virgen y termina el d\u00eda de la aurora\u201d, seg\u00fan inform\u00f3 durante el encuentro.<\/p>\n\n\n\n<figure class=\"wp-block-image size-large\"><img fetchpriority=\"high\" decoding=\"async\" width=\"1024\" height=\"682\" src=\"https:\/\/entretormentas.com\/wp-content\/uploads\/2026\/04\/image-785-1024x682.png\" alt=\"\" class=\"wp-image-31968\" srcset=\"https:\/\/entretormentas.com\/wp-content\/uploads\/2026\/04\/image-785-1024x682.png 1024w, https:\/\/entretormentas.com\/wp-content\/uploads\/2026\/04\/image-785-300x200.png 300w, https:\/\/entretormentas.com\/wp-content\/uploads\/2026\/04\/image-785-768x512.png 768w, https:\/\/entretormentas.com\/wp-content\/uploads\/2026\/04\/image-785.png 1280w\" sizes=\"(max-width: 1024px) 100vw, 1024px\" \/><\/figure>\n\n\n\n<p>Omar Enrique, presidente del comit\u00e9 organizador, adelant\u00f3 que esta edici\u00f3n superar\u00e1 con creces la edici\u00f3n anterior, con la presentaci\u00f3n de m\u00e1s de 60 artistas, entre nacionales e internacionales: \u201cTiene que marcar un hito porque es el 60 aniversario de nuestra Feria de La Chinita. La premisa que tenemos es el apoyo a la gaita zuliana\u201d. Asimismo, confirm\u00f3 la participaci\u00f3n de artistas nacionales e internacionales y la inclusi\u00f3n de diversos g\u00e9neros musicales: \u201cVamos a traer artistas nacionales de todos los g\u00e9neros y vendr\u00e1n artistas internacionales\u201d.<\/p>\n\n\n\n<p>Asimismo, destac\u00f3 que este a\u00f1o los preparativos comenzaron con mayor antelaci\u00f3n para garantizar el \u00e9xito de la celebraci\u00f3n. Adem\u00e1s, resalt\u00f3 el impacto econ\u00f3mico positivo alcanzado en la edici\u00f3n anterior: \u201chubo una subida en los niveles econ\u00f3micos del comercio en la ciudad de un 34%\u201d.<\/p>\n\n\n\n<p>Entre las actividades previstas, \u201cVamos a tener un desfile de feria como nunca se hab\u00eda visto. El a\u00f1o pasado hicimos el primer desfile de feria que qued\u00f3 maravilloso. Este a\u00f1o que tenemos m\u00e1s tiempo para organizarlo va a quedar much\u00edsimo mejor\u201d, destac\u00f3. Habr\u00e1n m\u00faltiples tarimas en distintos puntos de la ciudad: \u201cInstalaremos muchas tarimas, vamos a estar por todos los municipios, las tradicionales del 5 de julio, en La Curva, en el Parque Ana Mar\u00eda Campos, Vereda del Lago, como se hizo el a\u00f1o pasado\u201d.<\/p>\n\n\n\n<figure class=\"wp-block-image size-large\"><img decoding=\"async\" width=\"1024\" height=\"682\" src=\"https:\/\/entretormentas.com\/wp-content\/uploads\/2026\/04\/image-786-1024x682.png\" alt=\"\" class=\"wp-image-31969\" srcset=\"https:\/\/entretormentas.com\/wp-content\/uploads\/2026\/04\/image-786-1024x682.png 1024w, https:\/\/entretormentas.com\/wp-content\/uploads\/2026\/04\/image-786-300x200.png 300w, https:\/\/entretormentas.com\/wp-content\/uploads\/2026\/04\/image-786-768x512.png 768w, https:\/\/entretormentas.com\/wp-content\/uploads\/2026\/04\/image-786.png 1280w\" sizes=\"(max-width: 1024px) 100vw, 1024px\" \/><\/figure>\n\n\n\n<p>En el \u00e1mbito institucional, Omar Enrique agradeci\u00f3 el respaldo del Ejecutivo nacional: \u201cQuiero agradecer a la presidenta encargada Delcy Rodr\u00edguez que tiene un especial afecto por el pueblo zuliano y que me dijo: \u2018Omar, vamos con todo con la Feria la Chinita, tambi\u00e9n es importante el respaldo del gobernador del Zulia, Luis Caldera \u201d.<\/p>\n\n\n\n<p>Por su parte, Ana Di Martino, directora de Imagen Corporativa y Medios Digitales de la Alcald\u00eda, subray\u00f3 el valor simb\u00f3lico de esta edici\u00f3n: \u201cMaracaibo est\u00e1 viviendo un momento de transformaci\u00f3n y los 60 a\u00f1os de nuestra feria son la oportunidad perfecta para demostrarlo\u201d. A\u00f1adi\u00f3 que el objetivo es proyectar una ciudad moderna y capaz de organizar eventos de talla internacional: \u201cEste es el sello de esta edici\u00f3n aniversario, una organizaci\u00f3n impecable que proyecte lo mejor ante Venezuela y el mundo\u201d.<\/p>\n\n\n\n<p>Tambi\u00e9n reiter\u00f3 la invitaci\u00f3n al sector empresarial: \u201cQueremos que sus marcas sean protagonistas de la vitrina m\u00e1s importante del pa\u00eds y que juntos les regalemos a la ciudad la feria que se merece\u201d.<\/p>\n\n\n\n<p><strong>CRONOGRAMA DEL REINADO<\/strong><br>El certamen de belleza ser\u00e1 otro de los pilares de la feria. \u201cCreo que este concurso ser\u00e1 impecable y que la reina ser\u00e1 la mejor embajadora representante de la Maracaibo moderna\u201d, expres\u00f3.<\/p>\n\n\n\n<figure class=\"wp-block-image size-large\"><img decoding=\"async\" width=\"1006\" height=\"1024\" src=\"https:\/\/entretormentas.com\/wp-content\/uploads\/2026\/04\/image-787-1006x1024.png\" alt=\"\" class=\"wp-image-31970\" srcset=\"https:\/\/entretormentas.com\/wp-content\/uploads\/2026\/04\/image-787-1006x1024.png 1006w, https:\/\/entretormentas.com\/wp-content\/uploads\/2026\/04\/image-787-295x300.png 295w, https:\/\/entretormentas.com\/wp-content\/uploads\/2026\/04\/image-787-768x781.png 768w, https:\/\/entretormentas.com\/wp-content\/uploads\/2026\/04\/image-787-1024x1042.png 1024w, https:\/\/entretormentas.com\/wp-content\/uploads\/2026\/04\/image-787.png 1258w\" sizes=\"(max-width: 1006px) 100vw, 1006px\" \/><\/figure>\n\n\n\n<p>El proceso iniciar\u00e1 en junio con un recorrido por las 18 parroquias del municipio para la preselecci\u00f3n de candidatas. Entre categor\u00edas est\u00e1n: infantil (de 6 a 14 a\u00f1os) y juvenil (de 17 a 25 a\u00f1os). Como novedad, se permitir\u00e1 la participaci\u00f3n de j\u00f3venes que hayan concursado anteriormente sin haber obtenido t\u00edtulo: \u201cLas que ya han participado y quieran la oportunidad de cumplir ese sue\u00f1o, pueden hacerlo este a\u00f1o\u201d.<\/p>\n\n\n\n<p>El casting ser\u00e1 gratuito y abierto, con requisitos b\u00e1sicos como presentar la partida de nacimiento y haber nacido en el estado Zulia.<\/p>\n\n\n\n<p><strong>PREMIOS Y EXPECTATIVAS<\/strong><br>Como parte de las sorpresas, se anunci\u00f3 que la ganadora del reinado recibir\u00e1 un veh\u00edculo nuevo: \u201cCon mucha alegr\u00eda queremos anunciar que la ganadora se llevar\u00e1 un carro 0 km\u201d.<\/p>\n\n\n\n<p>Finalmente, los organizadores aseguraron que esta edici\u00f3n superar\u00e1 todas las expectativas: \u201cLes garantizo que esta 60ma edici\u00f3n va a superar cualquier expectativa\u2026 estamos trabajando con un compromiso absoluto para que esta edici\u00f3n de la feria sea inolvidable\u201d.<br><strong><em>ET \/ Prensa Alcald\u00eda de Maracaibo<\/em><\/strong><\/p>\n\n\n\n<p><\/p>\n","protected":false},"excerpt":{"rendered":"<p>Con seis meses de preparaci\u00f3n adelantada, Maracaibo se alista para celebrar una de sus tradiciones&#8230;<\/p>\n","protected":false},"author":2,"featured_media":31967,"comment_status":"closed","ping_status":"open","sticky":false,"template":"","format":"standard","meta":{"footnotes":""},"categories":[57,54],"tags":[],"class_list":["post-31966","post","type-post","status-publish","format-standard","has-post-thumbnail","hentry","category-actualidad","category-espectaculos"],"_links":{"self":[{"href":"https:\/\/entretormentas.com\/index.php?rest_route=\/wp\/v2\/posts\/31966","targetHints":{"allow":["GET"]}}],"collection":[{"href":"https:\/\/entretormentas.com\/index.php?rest_route=\/wp\/v2\/posts"}],"about":[{"href":"https:\/\/entretormentas.com\/index.php?rest_route=\/wp\/v2\/types\/post"}],"author":[{"embeddable":true,"href":"https:\/\/entretormentas.com\/index.php?rest_route=\/wp\/v2\/users\/2"}],"replies":[{"embeddable":true,"href":"https:\/\/entretormentas.com\/index.php?rest_route=%2Fwp%2Fv2%2Fcomments&post=31966"}],"version-history":[{"count":1,"href":"https:\/\/entretormentas.com\/index.php?rest_route=\/wp\/v2\/posts\/31966\/revisions"}],"predecessor-version":[{"id":31971,"href":"https:\/\/entretormentas.com\/index.php?rest_route=\/wp\/v2\/posts\/31966\/revisions\/31971"}],"wp:featuredmedia":[{"embeddable":true,"href":"https:\/\/entretormentas.com\/index.php?rest_route=\/wp\/v2\/media\/31967"}],"wp:attachment":[{"href":"https:\/\/entretormentas.com\/index.php?rest_route=%2Fwp%2Fv2%2Fmedia&parent=31966"}],"wp:term":[{"taxonomy":"category","embeddable":true,"href":"https:\/\/entretormentas.com\/index.php?rest_route=%2Fwp%2Fv2%2Fcategories&post=31966"},{"taxonomy":"post_tag","embeddable":true,"href":"https:\/\/entretormentas.com\/index.php?rest_route=%2Fwp%2Fv2%2Ftags&post=31966"}],"curies":[{"name":"wp","href":"https:\/\/api.w.org\/{rel}","templated":true}]}}