{"id":31972,"date":"2026-04-30T03:13:34","date_gmt":"2026-04-30T07:13:34","guid":{"rendered":"https:\/\/entretormentas.com\/?p=31972"},"modified":"2026-04-30T03:24:52","modified_gmt":"2026-04-30T07:24:52","slug":"mas-de-200-mil-beneficiados-plan-estadal-de-asfaltado-inicia-rehabilitacion-de-11-km-de-la-via-la-curva-la-concepcion","status":"publish","type":"post","link":"https:\/\/entretormentas.com\/mas-de-200-mil-beneficiados-plan-estadal-de-asfaltado-inicia-rehabilitacion-de-11-km-de-la-via-la-curva-la-concepcion\/","title":{"rendered":"\u00a1M\u00c1S DE 200 MIL BENEFICIADOS! Plan Estadal de Asfaltado inicia rehabilitaci\u00f3n de 11 km de la v\u00eda La Curva-La Concepci\u00f3n"},"content":{"rendered":"\n<p><strong>ENTRE TORMENTAS. <\/strong>El gobernador del estado Zulia, Luis Caldera, puso en marcha, este mi\u00e9rcoles 29 de abril, la recuperaci\u00f3n de la carretera v\u00eda La Concepci\u00f3n, espec\u00edficamente en el tramo comprendido entre las avenidas 140 (Las Mercedes) y 161 (La Gran Parada). Esta obra busca resolver el hist\u00f3rico colapso vial y de drenajes que afecta la movilidad entre la parroquia San Isidro de Maracaibo y el municipio Jes\u00fas Enrique Lossada.<\/p>\n\n\n\n<p>Estos trabajos, que se ejecutan mediante el Plan Estadal de Asfaltado, incluyen la construcci\u00f3n de 875 metros lineales de drenajes superficiales, la sustituci\u00f3n de colectores de aguas servidas y la aplicaci\u00f3n de cuatro mil 300 toneladas de asfalto en caliente tipo III.<\/p>\n\n\n\n<figure class=\"wp-block-image size-large\"><img fetchpriority=\"high\" decoding=\"async\" width=\"1024\" height=\"768\" src=\"https:\/\/entretormentas.com\/wp-content\/uploads\/2026\/04\/image-789-1024x768.png\" alt=\"\" class=\"wp-image-31974\" srcset=\"https:\/\/entretormentas.com\/wp-content\/uploads\/2026\/04\/image-789-1024x768.png 1024w, https:\/\/entretormentas.com\/wp-content\/uploads\/2026\/04\/image-789-300x225.png 300w, https:\/\/entretormentas.com\/wp-content\/uploads\/2026\/04\/image-789-768x576.png 768w, https:\/\/entretormentas.com\/wp-content\/uploads\/2026\/04\/image-789.png 1080w\" sizes=\"(max-width: 1024px) 100vw, 1024px\" \/><\/figure>\n\n\n\n<p>La intervenci\u00f3n t\u00e9cnica se fundamenta en estudios topogr\u00e1ficos para evitar que el sector contin\u00fae aneg\u00e1ndose durante el per\u00edodo de lluvias. El plan proyecta la adecuaci\u00f3n de 11 kil\u00f3metros de vialidad total para beneficiar a m\u00e1s de 200 mil habitantes.<\/p>\n\n\n\n<p>\u201cIniciamos la construcci\u00f3n de drenajes para atender esta olla que se convierte en un charco inmenso. No es solo asfalto, implica soluciones y control de inundaciones. Estamos cumpliendo la palabra con resultados que la comunidad esperaba para su estabilidad\u201d, destac\u00f3 el gobernador Luis Caldera destacando que estos trabajos cumplen con las directrices del Gobierno Nacional del presidente constitucional Nicol\u00e1s Maduro y los lineamientos de la presidenta encargada, Delcy Rodr\u00edguez.<\/p>\n\n\n\n<figure class=\"wp-block-image size-large\"><img decoding=\"async\" width=\"1024\" height=\"768\" src=\"https:\/\/entretormentas.com\/wp-content\/uploads\/2026\/04\/image-790-1024x768.png\" alt=\"\" class=\"wp-image-31975\" srcset=\"https:\/\/entretormentas.com\/wp-content\/uploads\/2026\/04\/image-790-1024x768.png 1024w, https:\/\/entretormentas.com\/wp-content\/uploads\/2026\/04\/image-790-300x225.png 300w, https:\/\/entretormentas.com\/wp-content\/uploads\/2026\/04\/image-790-768x576.png 768w, https:\/\/entretormentas.com\/wp-content\/uploads\/2026\/04\/image-790.png 1280w\" sizes=\"(max-width: 1024px) 100vw, 1024px\" \/><\/figure>\n\n\n\n<p><strong>PARA UNA \u00d3PTIMA TRANSITABILIDAD<\/strong><br>El sector transporte celebr\u00f3 el despliegue de las cuadrillas. Alberto Bence, presidente de la l\u00ednea La Curva-San Isidro, record\u00f3 las dificultades que enfrentaron durante d\u00e9cadas debido al deterioro de esta arteria principal.<\/p>\n\n\n\n<p>\u201cTengo 30 a\u00f1os en la l\u00ednea y siempre nos ten\u00edan olvidados. Gracias a Dios vamos a salir de esto con esta gesti\u00f3n de Luis Caldera\u201d, manifest\u00f3 Bence.<\/p>\n\n\n\n<p>Por su parte, Abraham Urdaneta, enlace de la Comuna Bendici\u00f3n de Dios, resalt\u00f3 que la mejora vial potenciar\u00e1 la econom\u00eda local, considerando que San Isidro es una zona altamente productiva.<\/p>\n\n\n\n<p>\u201cSacar nuestra producci\u00f3n a la ciudad era muy dif\u00edcil. Con esta v\u00eda recuperada, al campesino se le facilitar\u00e1 transportar lo que siembra d\u00eda a d\u00eda en su parcela. Hoy nuestra parroquia brilla porque nuestro gobernador cumpli\u00f3 su promesa\u201d, afirm\u00f3 el vocero.<\/p>\n\n\n\n<figure class=\"wp-block-image size-full\"><img decoding=\"async\" width=\"1000\" height=\"750\" src=\"https:\/\/entretormentas.com\/wp-content\/uploads\/2026\/04\/image-791.png\" alt=\"\" class=\"wp-image-31976\" srcset=\"https:\/\/entretormentas.com\/wp-content\/uploads\/2026\/04\/image-791.png 1000w, https:\/\/entretormentas.com\/wp-content\/uploads\/2026\/04\/image-791-300x225.png 300w, https:\/\/entretormentas.com\/wp-content\/uploads\/2026\/04\/image-791-768x576.png 768w\" sizes=\"(max-width: 1000px) 100vw, 1000px\" \/><\/figure>\n\n\n\n<p><strong>ATENCI\u00d3N SOCIAL Y COMUNITARIA<\/strong><br>Como parte de su despliegue en la parroquia San Isidro, el mandatario regional realiz\u00f3 una inspecci\u00f3n en la E.B.N. Marcel Roche Dugand.<\/p>\n\n\n\n<p>All\u00ed escuch\u00f3 las solicitudes de los maestros y la comunidad estudiantil para el mejoramiento del recinto: \u201cLlegamos a la escuela para escuchar a nuestros maestros y maestras con el fin de mejorar las condiciones de atenci\u00f3n integral a nuestros ni\u00f1os y ni\u00f1as\u201d.<\/p>\n\n\n\n<p>Finalmente, el gobernador se traslad\u00f3 al campamento de la Comuna Flor Montiel, donde sostuvo una reuni\u00f3n de trabajo con los presidentes de las l\u00edneas de transporte de la zona para coordinar acciones conjuntas.<br><strong><em>ET \/ Prensa Gobernaci\u00f3n del Zulia<\/em><\/strong><\/p>\n\n\n\n<p><\/p>\n","protected":false},"excerpt":{"rendered":"<p>ENTRE TORMENTAS. El gobernador del estado Zulia, Luis Caldera, puso en marcha, este mi\u00e9rcoles 29&#8230;<\/p>\n","protected":false},"author":2,"featured_media":31973,"comment_status":"closed","ping_status":"open","sticky":false,"template":"","format":"standard","meta":{"footnotes":""},"categories":[56,1],"tags":[],"class_list":["post-31972","post","type-post","status-publish","format-standard","has-post-thumbnail","hentry","category-destacadas","category-regionales"],"_links":{"self":[{"href":"https:\/\/entretormentas.com\/index.php?rest_route=\/wp\/v2\/posts\/31972","targetHints":{"allow":["GET"]}}],"collection":[{"href":"https:\/\/entretormentas.com\/index.php?rest_route=\/wp\/v2\/posts"}],"about":[{"href":"https:\/\/entretormentas.com\/index.php?rest_route=\/wp\/v2\/types\/post"}],"author":[{"embeddable":true,"href":"https:\/\/entretormentas.com\/index.php?rest_route=\/wp\/v2\/users\/2"}],"replies":[{"embeddable":true,"href":"https:\/\/entretormentas.com\/index.php?rest_route=%2Fwp%2Fv2%2Fcomments&post=31972"}],"version-history":[{"count":1,"href":"https:\/\/entretormentas.com\/index.php?rest_route=\/wp\/v2\/posts\/31972\/revisions"}],"predecessor-version":[{"id":31977,"href":"https:\/\/entretormentas.com\/index.php?rest_route=\/wp\/v2\/posts\/31972\/revisions\/31977"}],"wp:featuredmedia":[{"embeddable":true,"href":"https:\/\/entretormentas.com\/index.php?rest_route=\/wp\/v2\/media\/31973"}],"wp:attachment":[{"href":"https:\/\/entretormentas.com\/index.php?rest_route=%2Fwp%2Fv2%2Fmedia&parent=31972"}],"wp:term":[{"taxonomy":"category","embeddable":true,"href":"https:\/\/entretormentas.com\/index.php?rest_route=%2Fwp%2Fv2%2Fcategories&post=31972"},{"taxonomy":"post_tag","embeddable":true,"href":"https:\/\/entretormentas.com\/index.php?rest_route=%2Fwp%2Fv2%2Ftags&post=31972"}],"curies":[{"name":"wp","href":"https:\/\/api.w.org\/{rel}","templated":true}]}}