{"id":31978,"date":"2026-04-30T03:16:24","date_gmt":"2026-04-30T07:16:24","guid":{"rendered":"https:\/\/entretormentas.com\/?p=31978"},"modified":"2026-04-30T03:16:25","modified_gmt":"2026-04-30T07:16:25","slug":"di-martino-un-60-de-crecimiento-economico-es-la-expectativa-por-la-feria-2026","status":"publish","type":"post","link":"https:\/\/entretormentas.com\/di-martino-un-60-de-crecimiento-economico-es-la-expectativa-por-la-feria-2026\/","title":{"rendered":"DI MARTINO: \u201cUn 60% de crecimiento econ\u00f3mico es la expectativa por la Feria 2026&#8243;"},"content":{"rendered":"\n<p><strong>ENTRE TORMENTAS. <\/strong>El alcalde de Maracaibo, Giancarlo Di Martino, dijo que esperan registrar un crecimiento del 60 por ciento en la actividad econ\u00f3mica del municipio debido al impacto generado por la Feria de la Chinita.<\/p>\n\n\n\n<p>\u201cEl a\u00f1o pasado la C\u00e1mara de Comercio de Maracaibo anunci\u00f3 un crecimiento en todo el \u00e1mbito comercial de la ciudad, desde julio hasta noviembre, de un 26 por ciento. Este a\u00f1o aspiramos que sea de m\u00e1s del 60 por ciento\u201d, asegur\u00f3 la m\u00e1xima autoridad municipal este mi\u00e9rcoles, durante la rueda de prensa para anunciar la programaci\u00f3n de la Feria.<\/p>\n\n\n\n<p>Al ser consultado sobre la repercusi\u00f3n que tuvieron el a\u00f1o pasado las festividades en honor a la patrona de los zulianos sobre el movimiento comercial en la ciudad, Di Martino afirm\u00f3: \u201cEl a\u00f1o pasado hicimos un esfuerzo importante, pero no tan planificado. Este a\u00f1o, planificando desde este momento, involucrando al sector privado, que va creciendo con una din\u00e1mica bastante afianzada, esperamos un incremento significativo en el movimiento comercial de Maracaibo\u201d.<\/p>\n\n\n\n<figure class=\"wp-block-image size-large\"><img fetchpriority=\"high\" decoding=\"async\" width=\"824\" height=\"1024\" src=\"https:\/\/entretormentas.com\/wp-content\/uploads\/2026\/04\/image-793-824x1024.png\" alt=\"\" class=\"wp-image-31980\" srcset=\"https:\/\/entretormentas.com\/wp-content\/uploads\/2026\/04\/image-793-824x1024.png 824w, https:\/\/entretormentas.com\/wp-content\/uploads\/2026\/04\/image-793-241x300.png 241w, https:\/\/entretormentas.com\/wp-content\/uploads\/2026\/04\/image-793-768x954.png 768w, https:\/\/entretormentas.com\/wp-content\/uploads\/2026\/04\/image-793.png 854w\" sizes=\"(max-width: 824px) 100vw, 824px\" \/><\/figure>\n\n\n\n<p>Destacando que la Feria arribar\u00e1 este a\u00f1o a su edici\u00f3n n\u00famero 60, indic\u00f3: \u201cEste a\u00f1o tenemos el apoyo de nuestra presidenta encargada Delcy Rodr\u00edguez para los 60 a\u00f1os de la Feria. Y aparte de eso, queremos involucrar de manera planificada el sector privado para que ocupe un sitial importante\u201d.<\/p>\n\n\n\n<p>Destac\u00f3 que otorgar\u00e1n un rol protag\u00f3nico a los empresarios y se agilizar\u00e1 la obtenci\u00f3n de permisos para emprendedores.<\/p>\n\n\n\n<p>\u201cQueremos que sean ellos los que lleven la vanguardia en esta Feria de la Chinita. Que tengan la certeza de que cuentan con todo el sustento jur\u00eddico de la Alcald\u00eda de Maracaibo para apoyarlos, que las emprendedoras y los emprendedores tengan su permiso de la Oficina Municipal de Planificaci\u00f3n Urbana de manera expedita, en menos de 24 horas, y de esta manera fortalecer una ciudad que va creciendo\u201d.<\/p>\n\n\n\n<p>Dijo el alcalde de Maracaibo: \u201cEso es importante porque se abren los emprendimientos, porque se genera trabajo, ese trabajo que tanto necesitamos para que sigamos empujando una ciudad que va a terminar siendo, de nuevo, la primera ciudad en Venezuela\u201d.<br><strong><em>ET \/ Prensa Alcald\u00eda de Maracaibo<\/em><\/strong><\/p>\n\n\n\n<p><\/p>\n","protected":false},"excerpt":{"rendered":"<p>ENTRE TORMENTAS. El alcalde de Maracaibo, Giancarlo Di Martino, dijo que esperan registrar un crecimiento&#8230;<\/p>\n","protected":false},"author":2,"featured_media":31979,"comment_status":"closed","ping_status":"open","sticky":false,"template":"","format":"standard","meta":{"footnotes":""},"categories":[57,1],"tags":[],"class_list":["post-31978","post","type-post","status-publish","format-standard","has-post-thumbnail","hentry","category-actualidad","category-regionales"],"_links":{"self":[{"href":"https:\/\/entretormentas.com\/index.php?rest_route=\/wp\/v2\/posts\/31978","targetHints":{"allow":["GET"]}}],"collection":[{"href":"https:\/\/entretormentas.com\/index.php?rest_route=\/wp\/v2\/posts"}],"about":[{"href":"https:\/\/entretormentas.com\/index.php?rest_route=\/wp\/v2\/types\/post"}],"author":[{"embeddable":true,"href":"https:\/\/entretormentas.com\/index.php?rest_route=\/wp\/v2\/users\/2"}],"replies":[{"embeddable":true,"href":"https:\/\/entretormentas.com\/index.php?rest_route=%2Fwp%2Fv2%2Fcomments&post=31978"}],"version-history":[{"count":1,"href":"https:\/\/entretormentas.com\/index.php?rest_route=\/wp\/v2\/posts\/31978\/revisions"}],"predecessor-version":[{"id":31981,"href":"https:\/\/entretormentas.com\/index.php?rest_route=\/wp\/v2\/posts\/31978\/revisions\/31981"}],"wp:featuredmedia":[{"embeddable":true,"href":"https:\/\/entretormentas.com\/index.php?rest_route=\/wp\/v2\/media\/31979"}],"wp:attachment":[{"href":"https:\/\/entretormentas.com\/index.php?rest_route=%2Fwp%2Fv2%2Fmedia&parent=31978"}],"wp:term":[{"taxonomy":"category","embeddable":true,"href":"https:\/\/entretormentas.com\/index.php?rest_route=%2Fwp%2Fv2%2Fcategories&post=31978"},{"taxonomy":"post_tag","embeddable":true,"href":"https:\/\/entretormentas.com\/index.php?rest_route=%2Fwp%2Fv2%2Ftags&post=31978"}],"curies":[{"name":"wp","href":"https:\/\/api.w.org\/{rel}","templated":true}]}}