{"id":31988,"date":"2026-04-30T03:23:47","date_gmt":"2026-04-30T07:23:47","guid":{"rendered":"https:\/\/entretormentas.com\/?p=31988"},"modified":"2026-04-30T03:23:48","modified_gmt":"2026-04-30T07:23:48","slug":"solicitud-nora-bracho-insta-a-delcy-rodriguez-a-otorgar-indultos-en-el-marco-de-su-peregrinacion-por-el-pais","status":"publish","type":"post","link":"https:\/\/entretormentas.com\/solicitud-nora-bracho-insta-a-delcy-rodriguez-a-otorgar-indultos-en-el-marco-de-su-peregrinacion-por-el-pais\/","title":{"rendered":"\u00a1SOLICITUD! Nora Bracho insta a Delcy Rodr\u00edguez a otorgar indultos en el marco de su peregrinaci\u00f3n por el pa\u00eds"},"content":{"rendered":"\n<p><strong>ENTRE TORMENTAS. <\/strong>Nora Bracho, presidenta de Un Nuevo Tiempo Zulia y vicepresidenta de la Comisi\u00f3n Especial de Seguimiento de la Ley de Amnist\u00eda para la Convivencia Democr\u00e1tica, hizo un llamado a la presidenta encargada Delcy Rodr\u00edguez para que, en el marco de su peregrinaci\u00f3n por el pa\u00eds, otorgue indultos a los casos que quedaron excluidos de la Ley de Amnist\u00eda, como un gesto necesario de humanidad.<\/p>\n\n\n\n<p>Durante una entrevista con la periodista Shirley Varnagy en el programa Shirley Radio de Onda, Bracho plante\u00f3 que esta decisi\u00f3n permitir\u00eda el reencuentro de cientos de familias venezolanas que hoy siguen separadas. \u201cHay alrededor de 400 casos de personas, entre ellas 188 militares, que deben ser revisados. Hago un llamado a la presidenta Rodr\u00edguez para que otorgue los indultos necesarios. \u00bfPor qu\u00e9 no darles la oportunidad de reencontrarse con sus familias y trabajar por Venezuela?\u201d, expres\u00f3.<\/p>\n\n\n\n<p>Bracho dej\u00f3 claro que la Ley de Amnist\u00eda contin\u00faa vigente y debe seguir aplic\u00e1ndose sin restricciones administrativas ni pol\u00edticas. \u201cLa ley no se extingue. Si ma\u00f1ana se presenta una solicitud de amnist\u00eda, debe procesarse. Los tribunales est\u00e1n obligados a recibir esas solicitudes, tanto de personas en el pa\u00eds como de quienes est\u00e1n en el exilio\u201d, afirm\u00f3, al tiempo que se\u00f1al\u00f3 que los indultos son una herramienta necesaria para los casos que quedaron fuera por las excepciones.<\/p>\n\n\n\n<figure class=\"wp-block-image size-large\"><img fetchpriority=\"high\" decoding=\"async\" width=\"1024\" height=\"576\" src=\"https:\/\/entretormentas.com\/wp-content\/uploads\/2026\/04\/image-799-1024x576.png\" alt=\"\" class=\"wp-image-31990\" srcset=\"https:\/\/entretormentas.com\/wp-content\/uploads\/2026\/04\/image-799-1024x576.png 1024w, https:\/\/entretormentas.com\/wp-content\/uploads\/2026\/04\/image-799-300x169.png 300w, https:\/\/entretormentas.com\/wp-content\/uploads\/2026\/04\/image-799-768x432.png 768w, https:\/\/entretormentas.com\/wp-content\/uploads\/2026\/04\/image-799.png 1366w\" sizes=\"(max-width: 1024px) 100vw, 1024px\" \/><\/figure>\n\n\n\n<p>En cuanto a las cifras, inform\u00f3 que se han registrado 14 mil 805 solicitudes de amnist\u00eda, de las cuales 12 mil 187 han sido v\u00e1lidas. De ese total, se han otorgado ocho mil 616 libertades plenas, mientras que 314 personas privadas de libertad han sido beneficiadas directamente, junto a 32 militares. Asimismo, tres mil 85 casos no aplican por estar dentro de las excepciones previstas en la ley, lo que \u2014subray\u00f3\u2014 evidencia la necesidad de decisiones pol\u00edticas complementarias para evitar que estos venezolanos queden sin respuesta. \u201cAqu\u00ed tiene que haber una decisi\u00f3n para que recuperen su libertad\u201d, sostuvo.<\/p>\n\n\n\n<p>Desde la fracci\u00f3n parlamentaria Libertad, Bracho asumi\u00f3 una postura firme frente a esta realidad y exigi\u00f3 acciones concretas. \u201cDesde la fracci\u00f3n Libertad insistimos en trabajar por la gente, pero tambi\u00e9n en exigir justicia. No puede haber discrecionalidad ni uso pol\u00edtico de la ley. Los casos de personas vulnerables, adultos mayores, enfermos o procesos llevados por tribunales cuestionados deben revisarse de inmediato. Si no aplican a la amnist\u00eda, corresponde otorgar medidas cautelares o una salida pol\u00edtica real\u201d, afirm\u00f3.<\/p>\n\n\n\n<p>La dirigente tambi\u00e9n denunci\u00f3 la persecuci\u00f3n contra periodistas y ciudadanos por motivos de opini\u00f3n. \u201cNo puede haber periodistas presos por expresarse. No se puede castigar a un trabajador por un meme o un estado de WhatsApp. Eso es persecuci\u00f3n y tiene que terminar. Si no entran en la amnist\u00eda, debe haber una salida pol\u00edtica. No podemos seguir criminalizando la disidencia\u201d, dijo.<\/p>\n\n\n\n<p>Finalmente, Bracho sostuvo que avanzar en la libertad de los venezolanos pasa tambi\u00e9n por desmontar el marco legal que ha permitido la persecuci\u00f3n pol\u00edtica en el pa\u00eds. \u201cEs necesario derogar la llamada Ley contra el Odio y la Ley Sim\u00f3n Bol\u00edvar, as\u00ed como desterrar mecanismos de discriminaci\u00f3n como la lista Tasc\u00f3n y la lista Maisanta. Venezuela no puede seguir castigando a quien piense distinto. El pa\u00eds tiene que reencontrarse en libertad, con justicia y con oportunidades reales para todos\u201d, concluy\u00f3.<br><strong><em>ET \/ Nota de Prensa<\/em><\/strong><\/p>\n","protected":false},"excerpt":{"rendered":"<p>ENTRE TORMENTAS. Nora Bracho, presidenta de Un Nuevo Tiempo Zulia y vicepresidenta de la Comisi\u00f3n&#8230;<\/p>\n","protected":false},"author":2,"featured_media":31989,"comment_status":"closed","ping_status":"open","sticky":false,"template":"","format":"standard","meta":{"footnotes":""},"categories":[56,49],"tags":[],"class_list":["post-31988","post","type-post","status-publish","format-standard","has-post-thumbnail","hentry","category-destacadas","category-nacionales"],"_links":{"self":[{"href":"https:\/\/entretormentas.com\/index.php?rest_route=\/wp\/v2\/posts\/31988","targetHints":{"allow":["GET"]}}],"collection":[{"href":"https:\/\/entretormentas.com\/index.php?rest_route=\/wp\/v2\/posts"}],"about":[{"href":"https:\/\/entretormentas.com\/index.php?rest_route=\/wp\/v2\/types\/post"}],"author":[{"embeddable":true,"href":"https:\/\/entretormentas.com\/index.php?rest_route=\/wp\/v2\/users\/2"}],"replies":[{"embeddable":true,"href":"https:\/\/entretormentas.com\/index.php?rest_route=%2Fwp%2Fv2%2Fcomments&post=31988"}],"version-history":[{"count":1,"href":"https:\/\/entretormentas.com\/index.php?rest_route=\/wp\/v2\/posts\/31988\/revisions"}],"predecessor-version":[{"id":31991,"href":"https:\/\/entretormentas.com\/index.php?rest_route=\/wp\/v2\/posts\/31988\/revisions\/31991"}],"wp:featuredmedia":[{"embeddable":true,"href":"https:\/\/entretormentas.com\/index.php?rest_route=\/wp\/v2\/media\/31989"}],"wp:attachment":[{"href":"https:\/\/entretormentas.com\/index.php?rest_route=%2Fwp%2Fv2%2Fmedia&parent=31988"}],"wp:term":[{"taxonomy":"category","embeddable":true,"href":"https:\/\/entretormentas.com\/index.php?rest_route=%2Fwp%2Fv2%2Fcategories&post=31988"},{"taxonomy":"post_tag","embeddable":true,"href":"https:\/\/entretormentas.com\/index.php?rest_route=%2Fwp%2Fv2%2Ftags&post=31988"}],"curies":[{"name":"wp","href":"https:\/\/api.w.org\/{rel}","templated":true}]}}