{"id":32018,"date":"2026-04-30T20:35:54","date_gmt":"2026-05-01T00:35:54","guid":{"rendered":"https:\/\/entretormentas.com\/?p=32018"},"modified":"2026-04-30T20:35:55","modified_gmt":"2026-05-01T00:35:55","slug":"en-vispera-al-1ro-de-mayo-alcalde-edgar-labarca-condecora-a-59-trabajadores-en-el-municipio-mara","status":"publish","type":"post","link":"https:\/\/entretormentas.com\/en-vispera-al-1ro-de-mayo-alcalde-edgar-labarca-condecora-a-59-trabajadores-en-el-municipio-mara\/","title":{"rendered":"\u00a1EN V\u00cdSPERA AL 1RO. DE MAYO! Alcalde Edgar Labarca condecora a 59 trabajadores en el municipio Mara"},"content":{"rendered":"\n<p><strong>ENTRE TORMENTAS<\/strong>. En un ambiente de j\u00fabilo y compromiso, el Alcalde del municipio Mara, Edgar Labarca, encabez\u00f3 este 30 de abril, los actos conmemorativos del D\u00eda Internacional del Trabajador, rindiendo un merecido homenaje a los hombres y mujeres que d\u00eda a d\u00eda impulsan el desarrollo de la localidad.<\/p>\n\n\n\n<p>La jornada inici\u00f3 a tempranas horas de la ma\u00f1ana con una multitudinaria caminata que parti\u00f3 desde la emblem\u00e1tica Plaza Bol\u00edvar de San Rafael de El Moj\u00e1n. Durante el recorrido, ante los trabajadores municipales, el l\u00edder marense reafirm\u00f3 el valor del trabajo como pilar fundamental de la gesti\u00f3n.<img fetchpriority=\"high\" decoding=\"async\" width=\"500\" height=\"312\" class=\"wp-image-32020\" style=\"width: 500px;\" src=\"https:\/\/entretormentas.com\/wp-content\/uploads\/2026\/04\/IMG-20260430-WA0066.jpg\" alt=\"\" srcset=\"https:\/\/entretormentas.com\/wp-content\/uploads\/2026\/04\/IMG-20260430-WA0066.jpg 2560w, https:\/\/entretormentas.com\/wp-content\/uploads\/2026\/04\/IMG-20260430-WA0066-300x187.jpg 300w, https:\/\/entretormentas.com\/wp-content\/uploads\/2026\/04\/IMG-20260430-WA0066-1024x638.jpg 1024w, https:\/\/entretormentas.com\/wp-content\/uploads\/2026\/04\/IMG-20260430-WA0066-768x479.jpg 768w, https:\/\/entretormentas.com\/wp-content\/uploads\/2026\/04\/IMG-20260430-WA0066-1536x957.jpg 1536w, https:\/\/entretormentas.com\/wp-content\/uploads\/2026\/04\/IMG-20260430-WA0066-2048x1276.jpg 2048w\" sizes=\"(max-width: 500px) 100vw, 500px\" \/><\/p>\n\n\n\n<p>A Labarca lo acompa\u00f1\u00f3 la primera dama del municipio, Chiquinquir\u00e1 N\u00fa\u00f1ez de Labarca.<\/p>\n\n\n\n<p>El despliegue culmin\u00f3 en las instalaciones del Teatro C\u00e1stor Emilio Almarza, escenario donde se llev\u00f3 a cabo el acto central de condecoraci\u00f3n. En total, 59 trabajadores recibieron la Orden al M\u00e9rito en el Trabajo \u201cIng. Tob\u00edas Brice\u00f1o\u201d, en reconocimiento a su destacado desempe\u00f1o, compromiso y vocaci\u00f3n de servicio.<\/p>\n\n\n\n<p>Labarca, al saludar a la fuerza trabajadora, destac\u00f3 la resiliencia de la clase obrera marense ante los desaf\u00edos actuales.<\/p>\n\n\n\n<p>\u201cHoy no solo celebramos una fecha en el calendario; exaltamos una labor incansable. Ustedes son el motor que mantiene vivo el esp\u00edritu de progreso en Mara, agradezco su confianza y compromiso \u201d, afirm\u00f3 el Alcalde ante los trabajadores de las distintas dependencias municipales y entes descentralizados.<img decoding=\"async\" width=\"500\" height=\"375\" class=\"wp-image-32021\" style=\"width: 500px;\" src=\"https:\/\/entretormentas.com\/wp-content\/uploads\/2026\/04\/IMG-20260430-WA0069.jpg\" alt=\"\" srcset=\"https:\/\/entretormentas.com\/wp-content\/uploads\/2026\/04\/IMG-20260430-WA0069.jpg 2560w, https:\/\/entretormentas.com\/wp-content\/uploads\/2026\/04\/IMG-20260430-WA0069-300x225.jpg 300w, https:\/\/entretormentas.com\/wp-content\/uploads\/2026\/04\/IMG-20260430-WA0069-1024x768.jpg 1024w, https:\/\/entretormentas.com\/wp-content\/uploads\/2026\/04\/IMG-20260430-WA0069-768x576.jpg 768w, https:\/\/entretormentas.com\/wp-content\/uploads\/2026\/04\/IMG-20260430-WA0069-1536x1152.jpg 1536w, https:\/\/entretormentas.com\/wp-content\/uploads\/2026\/04\/IMG-20260430-WA0069-2048x1536.jpg 2048w\" sizes=\"(max-width: 500px) 100vw, 500px\" \/><\/p>\n\n\n\n<p>Por su parte, la condecorada Rixibeth Chac\u00edn expres\u00f3: \u201cHoy celebramos la dignidad y el sacrificio de la fuerza m\u00e1s noble y transformadora. Cada trabajador, con sus manos y su mente, contribuye al desarrollo del pa\u00eds. Sigamos haciendo el trabajo como para Dios, de quien recibiremos la mayor recompensa\u201d.<\/p>\n\n\n\n<p>Para culminar la actividad, los trabajadores participaron en un sorteo de diversos premios.<br>La Alcald\u00eda de Mara subraya, una vez m\u00e1s, que la inversi\u00f3n en el talento humano sigue siendo una prioridad para la administraci\u00f3n actual. Juntos, consolidamos un municipio modelo en eficiencia y bienestar social.<\/p>\n\n\n\n<p>El homenaje por el D\u00eda del Trabajador estuvo amenizado por el Ensamble Ingamara, agrupaci\u00f3n perteneciente al Instituto Municipal de la Gaita y a la Direcci\u00f3n de Cultura y Patrimonio.<br><strong><em>ET \/ Prensa Alcald\u00eda de Mara<\/em><\/strong><\/p>\n\n\n\n<p><\/p>\n","protected":false},"excerpt":{"rendered":"<p>ENTRE TORMENTAS. En un ambiente de j\u00fabilo y compromiso, el Alcalde del municipio Mara, Edgar&#8230;<\/p>\n","protected":false},"author":2,"featured_media":32023,"comment_status":"closed","ping_status":"open","sticky":false,"template":"","format":"standard","meta":{"footnotes":""},"categories":[57,1],"tags":[],"class_list":["post-32018","post","type-post","status-publish","format-standard","has-post-thumbnail","hentry","category-actualidad","category-regionales"],"_links":{"self":[{"href":"https:\/\/entretormentas.com\/index.php?rest_route=\/wp\/v2\/posts\/32018","targetHints":{"allow":["GET"]}}],"collection":[{"href":"https:\/\/entretormentas.com\/index.php?rest_route=\/wp\/v2\/posts"}],"about":[{"href":"https:\/\/entretormentas.com\/index.php?rest_route=\/wp\/v2\/types\/post"}],"author":[{"embeddable":true,"href":"https:\/\/entretormentas.com\/index.php?rest_route=\/wp\/v2\/users\/2"}],"replies":[{"embeddable":true,"href":"https:\/\/entretormentas.com\/index.php?rest_route=%2Fwp%2Fv2%2Fcomments&post=32018"}],"version-history":[{"count":1,"href":"https:\/\/entretormentas.com\/index.php?rest_route=\/wp\/v2\/posts\/32018\/revisions"}],"predecessor-version":[{"id":32024,"href":"https:\/\/entretormentas.com\/index.php?rest_route=\/wp\/v2\/posts\/32018\/revisions\/32024"}],"wp:featuredmedia":[{"embeddable":true,"href":"https:\/\/entretormentas.com\/index.php?rest_route=\/wp\/v2\/media\/32023"}],"wp:attachment":[{"href":"https:\/\/entretormentas.com\/index.php?rest_route=%2Fwp%2Fv2%2Fmedia&parent=32018"}],"wp:term":[{"taxonomy":"category","embeddable":true,"href":"https:\/\/entretormentas.com\/index.php?rest_route=%2Fwp%2Fv2%2Fcategories&post=32018"},{"taxonomy":"post_tag","embeddable":true,"href":"https:\/\/entretormentas.com\/index.php?rest_route=%2Fwp%2Fv2%2Ftags&post=32018"}],"curies":[{"name":"wp","href":"https:\/\/api.w.org\/{rel}","templated":true}]}}