{"id":32025,"date":"2026-04-30T21:28:05","date_gmt":"2026-05-01T01:28:05","guid":{"rendered":"https:\/\/entretormentas.com\/?p=32025"},"modified":"2026-04-30T21:28:06","modified_gmt":"2026-05-01T01:28:06","slug":"alianza-estrategica-gobernador-luis-caldera-y-embajador-de-turquia-afianzan-lazos-de-cooperacion-bilateral","status":"publish","type":"post","link":"https:\/\/entretormentas.com\/alianza-estrategica-gobernador-luis-caldera-y-embajador-de-turquia-afianzan-lazos-de-cooperacion-bilateral\/","title":{"rendered":"\u00a1ALIANZA ESTRAT\u00c9GICA! Gobernador Luis Caldera y embajador de Turqu\u00eda afianzan lazos de cooperaci\u00f3n bilateral"},"content":{"rendered":"\n<p><strong>ENTRE TORMENTAS<\/strong>. En un encuentro que consolida la gesti\u00f3n, el gobernador, Luis Caldera, recibi\u00f3 este mi\u00e9rcoles, 29 de abril, en la Residencia Oficial, al embajador de Turqu\u00eda en Venezuela, Naci Aydan Karamano\u011flu. La reuni\u00f3n de alto nivel tuvo como objetivo fundamental la consolidaci\u00f3n de intercambios culturales, econ\u00f3micos y productivos para la regi\u00f3n zuliana.<\/p>\n\n\n\n<p>\u201cEn nombre de nuestra presidenta encargada, Delcy Rodr\u00edguez, consolidamos lazos de amistad, intercambio cultural, econ\u00f3mico y productivo con la naci\u00f3n de Turqu\u00eda para el beneficio de los zulianos\u201d, se\u00f1al\u00f3 Caldera.<\/p>\n\n\n\n<p>Por su parte, el embajador Karamano\u011flu, manifest\u00f3 tener intereses econ\u00f3micos y comerciales con el gremio turco de la entidad para fortalecer y potenciar el desarrollo en la regi\u00f3n.<\/p>\n\n\n\n<p>Este acercamiento forma parte de la relaci\u00f3n diplom\u00e1tica entre ambas naciones, sustentada en el Acuerdo Marco de Cooperaci\u00f3n, donde se ha permitido avanzar con \u00e9xito en \u00e1reas claves como; energ\u00eda, comercio, turismo, defensa y educaci\u00f3n.<img fetchpriority=\"high\" decoding=\"async\" width=\"500\" height=\"375\" class=\"wp-image-32026\" style=\"width: 500px;\" src=\"https:\/\/entretormentas.com\/wp-content\/uploads\/2026\/04\/IMG-20260430-WA0038.jpg\" alt=\"\" srcset=\"https:\/\/entretormentas.com\/wp-content\/uploads\/2026\/04\/IMG-20260430-WA0038.jpg 1080w, https:\/\/entretormentas.com\/wp-content\/uploads\/2026\/04\/IMG-20260430-WA0038-300x225.jpg 300w, https:\/\/entretormentas.com\/wp-content\/uploads\/2026\/04\/IMG-20260430-WA0038-1024x768.jpg 1024w, https:\/\/entretormentas.com\/wp-content\/uploads\/2026\/04\/IMG-20260430-WA0038-768x576.jpg 768w\" sizes=\"(max-width: 500px) 100vw, 500px\" \/><\/p>\n\n\n\n<p>Para ambas naciones ha sido un logro, ya que se han realizado seis reuniones de mecanismo de Consultas Pol\u00edticas y cuatro comisiones mixtas de cooperaci\u00f3n, con el objetivo de fortalecer la estrategia de potenciadores para el desarrollo de Venezuela y Turqu\u00eda.<\/p>\n\n\n\n<p>Con este encuentro, el Gobierno Regional no solo fortalece la diplomacia de paz, sino que posiciona al Zulia, como un estado donde la cooperaci\u00f3n internacional se transforma en soluciones y oportunidades de crecimiento para el sector productivo.<br><strong><em>ET \/ Prensa Gobernaci\u00f3n del Zulia<\/em><\/strong><\/p>\n","protected":false},"excerpt":{"rendered":"<p>ENTRE TORMENTAS. En un encuentro que consolida la gesti\u00f3n, el gobernador, Luis Caldera, recibi\u00f3 este&#8230;<\/p>\n","protected":false},"author":2,"featured_media":32027,"comment_status":"closed","ping_status":"open","sticky":false,"template":"","format":"standard","meta":{"footnotes":""},"categories":[57,1],"tags":[],"class_list":["post-32025","post","type-post","status-publish","format-standard","has-post-thumbnail","hentry","category-actualidad","category-regionales"],"_links":{"self":[{"href":"https:\/\/entretormentas.com\/index.php?rest_route=\/wp\/v2\/posts\/32025","targetHints":{"allow":["GET"]}}],"collection":[{"href":"https:\/\/entretormentas.com\/index.php?rest_route=\/wp\/v2\/posts"}],"about":[{"href":"https:\/\/entretormentas.com\/index.php?rest_route=\/wp\/v2\/types\/post"}],"author":[{"embeddable":true,"href":"https:\/\/entretormentas.com\/index.php?rest_route=\/wp\/v2\/users\/2"}],"replies":[{"embeddable":true,"href":"https:\/\/entretormentas.com\/index.php?rest_route=%2Fwp%2Fv2%2Fcomments&post=32025"}],"version-history":[{"count":1,"href":"https:\/\/entretormentas.com\/index.php?rest_route=\/wp\/v2\/posts\/32025\/revisions"}],"predecessor-version":[{"id":32028,"href":"https:\/\/entretormentas.com\/index.php?rest_route=\/wp\/v2\/posts\/32025\/revisions\/32028"}],"wp:featuredmedia":[{"embeddable":true,"href":"https:\/\/entretormentas.com\/index.php?rest_route=\/wp\/v2\/media\/32027"}],"wp:attachment":[{"href":"https:\/\/entretormentas.com\/index.php?rest_route=%2Fwp%2Fv2%2Fmedia&parent=32025"}],"wp:term":[{"taxonomy":"category","embeddable":true,"href":"https:\/\/entretormentas.com\/index.php?rest_route=%2Fwp%2Fv2%2Fcategories&post=32025"},{"taxonomy":"post_tag","embeddable":true,"href":"https:\/\/entretormentas.com\/index.php?rest_route=%2Fwp%2Fv2%2Ftags&post=32025"}],"curies":[{"name":"wp","href":"https:\/\/api.w.org\/{rel}","templated":true}]}}