{"id":32040,"date":"2026-04-30T22:34:38","date_gmt":"2026-05-01T02:34:38","guid":{"rendered":"https:\/\/entretormentas.com\/?p=32040"},"modified":"2026-04-30T22:34:39","modified_gmt":"2026-05-01T02:34:39","slug":"anuncio-de-delcy-rodriguez-ingreso-minimo-integral-sube-a-240-dolares-y-pensiones-a-70-dolares","status":"publish","type":"post","link":"https:\/\/entretormentas.com\/anuncio-de-delcy-rodriguez-ingreso-minimo-integral-sube-a-240-dolares-y-pensiones-a-70-dolares\/","title":{"rendered":"\u00a1ANUNCIO DE DELCY RODR\u00cdGUEZ! Ingreso m\u00ednimo integral sube a 240 d\u00f3lares y pensiones a 70 d\u00f3lares"},"content":{"rendered":"\n<p><strong>ENTRE TORMENTAS<\/strong>. La presidenta (E) de la Rep\u00fablica, Delcy Rodr\u00edguez, anunci\u00f3 un incremento del ingreso m\u00ednimo integral, el cual se ubica en 240 d\u00f3lares y la pensi\u00f3n de los abuelos del pa\u00eds qued\u00f3 establecida en 70 d\u00f3lares.<\/p>\n\n\n\n<p>El anuncio lo hizo durante el cierre de la Gran Peregrinaci\u00f3n Nacional por una Venezuela en Paz y sin Sanciones, que se llev\u00f3 a cabo este jueves en Caracas, donde detall\u00f3 que se trata de un incremento de 40 por ciento.<\/p>\n\n\n\n<p>\u201cPed\u00ed un plan especial de atenci\u00f3n para nuestros abuelos y para nuestras abuelas. A partir de este momento quedan conformadas las Brigadas de Atenci\u00f3n Integral de los Abuelos y las Abuelas\u201d, destac\u00f3.<\/p>\n\n\n\n<p>Recordemos que la peregrinaci\u00f3n fue convocada por la mandataria (E) el pasado 8 de abril, durante su mensaje a la naci\u00f3n, donde inst\u00f3 a todos los sectores pol\u00edticos a deponer diferencias para pedir el cese de las sanciones.<img fetchpriority=\"high\" decoding=\"async\" width=\"500\" height=\"231\" class=\"wp-image-32041\" style=\"width: 500px;\" src=\"https:\/\/entretormentas.com\/wp-content\/uploads\/2026\/04\/Screenshot-2026-04-30-15.58.20.webp\" alt=\"\" srcset=\"https:\/\/entretormentas.com\/wp-content\/uploads\/2026\/04\/Screenshot-2026-04-30-15.58.20.webp 760w, https:\/\/entretormentas.com\/wp-content\/uploads\/2026\/04\/Screenshot-2026-04-30-15.58.20-300x139.webp 300w\" sizes=\"(max-width: 500px) 100vw, 500px\" \/><\/p>\n\n\n\n<p>Adem\u00e1s del ajuste general, la mandataria anunci\u00f3 la creaci\u00f3n de mecanismos espec\u00edficos para reconocer la preparaci\u00f3n de los trabajadores. Se incorporar\u00e1 un bono de reconocimiento profesional y acad\u00e9mico, dise\u00f1ado para incentivar la formaci\u00f3n continua dentro de la administraci\u00f3n p\u00fablica y los sectores productivos.<\/p>\n\n\n\n<p>Rodr\u00edguez enfatiz\u00f3 que tanto el ajuste del ingreso m\u00ednimo integral como estos nuevos incentivos se pagar\u00e1n de manera retroactiva a partir de hoy, 30 de abril. Esta medida busca asegurar que el beneficio impacte de forma inmediata en las cuentas de los trabajadores antes de la jornada conmemorativa de ma\u00f1ana.<\/p>\n\n\n\n<p>Este incremento se complementa con la fijaci\u00f3n del salario m\u00ednimo base en 5 d\u00f3lares, mientras que el resto del ingreso integral ser\u00e1 cubierto a trav\u00e9s de bonos indexados procesados por el Sistema Patria. La jornada de cierre en Caracas sirve de pre\u00e1mbulo para la Gran Marcha Nacional convocada para ma\u00f1ana, viernes 1 de mayo, donde se espera que la dirigencia nacional ofrezca mayores detalles sobre la implementaci\u00f3n t\u00e9cnica de estos anuncios.<\/p>\n\n\n\n<p>Este ajuste forma parte de las medidas econ\u00f3micas que ser\u00edan anunciadas en el marco de la clausura de la \u00abGran Peregrinaci\u00f3n Nacional\u00bb que busca, mitigar el impacto de las sanciones en el poder adquisitivo de la clase obrera.<br><strong><em>ET \/ Agencias<\/em><\/strong><\/p>\n","protected":false},"excerpt":{"rendered":"<p>ENTRE TORMENTAS. La presidenta (E) de la Rep\u00fablica, Delcy Rodr\u00edguez, anunci\u00f3 un incremento del ingreso&#8230;<\/p>\n","protected":false},"author":2,"featured_media":32042,"comment_status":"closed","ping_status":"open","sticky":false,"template":"","format":"standard","meta":{"footnotes":""},"categories":[56,49],"tags":[],"class_list":["post-32040","post","type-post","status-publish","format-standard","has-post-thumbnail","hentry","category-destacadas","category-nacionales"],"_links":{"self":[{"href":"https:\/\/entretormentas.com\/index.php?rest_route=\/wp\/v2\/posts\/32040","targetHints":{"allow":["GET"]}}],"collection":[{"href":"https:\/\/entretormentas.com\/index.php?rest_route=\/wp\/v2\/posts"}],"about":[{"href":"https:\/\/entretormentas.com\/index.php?rest_route=\/wp\/v2\/types\/post"}],"author":[{"embeddable":true,"href":"https:\/\/entretormentas.com\/index.php?rest_route=\/wp\/v2\/users\/2"}],"replies":[{"embeddable":true,"href":"https:\/\/entretormentas.com\/index.php?rest_route=%2Fwp%2Fv2%2Fcomments&post=32040"}],"version-history":[{"count":1,"href":"https:\/\/entretormentas.com\/index.php?rest_route=\/wp\/v2\/posts\/32040\/revisions"}],"predecessor-version":[{"id":32043,"href":"https:\/\/entretormentas.com\/index.php?rest_route=\/wp\/v2\/posts\/32040\/revisions\/32043"}],"wp:featuredmedia":[{"embeddable":true,"href":"https:\/\/entretormentas.com\/index.php?rest_route=\/wp\/v2\/media\/32042"}],"wp:attachment":[{"href":"https:\/\/entretormentas.com\/index.php?rest_route=%2Fwp%2Fv2%2Fmedia&parent=32040"}],"wp:term":[{"taxonomy":"category","embeddable":true,"href":"https:\/\/entretormentas.com\/index.php?rest_route=%2Fwp%2Fv2%2Fcategories&post=32040"},{"taxonomy":"post_tag","embeddable":true,"href":"https:\/\/entretormentas.com\/index.php?rest_route=%2Fwp%2Fv2%2Ftags&post=32040"}],"curies":[{"name":"wp","href":"https:\/\/api.w.org\/{rel}","templated":true}]}}