{"id":32044,"date":"2026-05-01T02:59:57","date_gmt":"2026-05-01T06:59:57","guid":{"rendered":"https:\/\/entretormentas.com\/?p=32044"},"modified":"2026-05-01T02:59:58","modified_gmt":"2026-05-01T06:59:58","slug":"activos-en-la-defensa-infantil-entra-en-vigencia-nueva-arquitectura-del-sistema-de-proteccion-de-ninos-ninas-y-adolescentes","status":"publish","type":"post","link":"https:\/\/entretormentas.com\/activos-en-la-defensa-infantil-entra-en-vigencia-nueva-arquitectura-del-sistema-de-proteccion-de-ninos-ninas-y-adolescentes\/","title":{"rendered":"\u00a1ACTIVOS EN LA DEFENSA INFANTIL! Entra en vigencia nueva arquitectura del Sistema de Protecci\u00f3n de Ni\u00f1os, Ni\u00f1as y Adolescentes"},"content":{"rendered":"\n<p><strong>ENTRE TORMENTAS.<\/strong> La Alcald\u00eda de Maracaibo anunci\u00f3 que entr\u00f3 en vigencia una nueva Arquitectura del Sistema de Protecci\u00f3n Integral de Ni\u00f1os, Ni\u00f1as y Adolescentes del municipio, que permitir\u00e1 a las instituciones afiliadas modernizar y unificar su labor a favor de los derechos de la poblaci\u00f3n infantil en estado de vulnerabilidad.<\/p>\n\n\n\n<p>As\u00ed lo informaron, en rueda de prensa conjunta, Luis Jim\u00e9nez, presidente del Consejo Municipal de Derechos de Ni\u00f1os Ni\u00f1as y Adolescentes (Comudennam); Jackelin Rodr\u00edguez, Coordinadora General del Consejo de Protecci\u00f3n de Ni\u00f1os Ni\u00f1as y Adolescentes; Alexy Urdaneta, presidente del Fondo Municipal de Protecci\u00f3n de Ni\u00f1os Ni\u00f1as y Adolescentes; y Pa\u00fal Urdaneta, presidente de la Fundaci\u00f3n Ni\u00f1os del Sol (Fundanis).<\/p>\n\n\n\n<figure class=\"wp-block-image size-full\"><img fetchpriority=\"high\" decoding=\"async\" width=\"476\" height=\"385\" src=\"https:\/\/entretormentas.com\/wp-content\/uploads\/2026\/05\/image-2.png\" alt=\"\" class=\"wp-image-32047\" srcset=\"https:\/\/entretormentas.com\/wp-content\/uploads\/2026\/05\/image-2.png 476w, https:\/\/entretormentas.com\/wp-content\/uploads\/2026\/05\/image-2-300x243.png 300w\" sizes=\"(max-width: 476px) 100vw, 476px\" \/><\/figure>\n\n\n\n<p>Luis Jim\u00e9nez indic\u00f3 que esta nueva Arquitectura del Sistema de Protecci\u00f3n entra en vigor tras la aprobaci\u00f3n de una nueva ordenanza municipal para el funcionamiento de los \u00f3rganos administrativos del sistema, que da forma a un modelo de gobernanza moderno, m\u00e1s abierto y cohesionado.<\/p>\n\n\n\n<p>La nueva ordenanza, indic\u00f3 Jim\u00e9nez, est\u00e1 adaptada a las necesidades actuales, reemplazando una ley de 26 a\u00f1os que ya no se ajusta a la realidad de Maracaiboy destac\u00f3 que repercutir\u00e1 favorablemente en tres aspectos:<\/p>\n\n\n\n<p>Autonom\u00eda: Se eleva el Consejo Municipal de Derechos al rango de Instituto Aut\u00f3nomo, con personalidad jur\u00eddica y patrimonio propio para agilizar decisiones.<\/p>\n\n\n\n<p>Red Comunal: Se incorporan los Consejos Comunales al Sistema de Protecci\u00f3n, lo que ayudar\u00e1 a la detecci\u00f3n temprana de vulnerabilidades desde los territorios.<\/p>\n\n\n\n<p>Fondo Municipal: Relanzamiento como instrumento transparente para captar recursos y donaciones, focalizando la inversi\u00f3n en zonas vulnerables.<\/p>\n\n\n\n<p><strong>PLAN DE FORMACI\u00d3N<\/strong><br>El Presidente de Comudennam tambi\u00e9n present\u00f3 el Plan Municipal de Formaci\u00f3n en Derechos Humanos de Ni\u00f1os, Ni\u00f1as y Adolescentes, dise\u00f1ado para capacitar, sensibilizar y formar a adultos y operadores del sistema.<br>\u201cEste plan de formaci\u00f3n ha sido consultado con organizaciones especializadas y del sistema de Naciones Unidas, recibiendo apoyo y garant\u00edas de integraci\u00f3n a esta labor\u201d, destac\u00f3 Jim\u00e9nez.<\/p>\n\n\n\n<p>Jim\u00e9nez reafirm\u00f3 el compromiso de las organizaciones de Protecci\u00f3n de Ni\u00f1os, Ni\u00f1as y Adolescentes del municipio para trabajar en sinergia con la sociedad y organismos especializados en la protecci\u00f3n de la infancia, con transparencia y amor por esta tarea.<\/p>\n\n\n\n<p><strong>RESPUESTA EFICAZ Y OPORTUNA<\/strong><br>Por su parte, Jackeline Rodr\u00edguez, Coordinadora General del Consejo de Protecci\u00f3n de Ni\u00f1os Ni\u00f1as y Adolescentes del municipio Maracaibo, inform\u00f3 que este organismo ha logrado avances en sus procesos, respondiendo de manera oportuna y eficaz a las denuncias recibidas.<\/p>\n\n\n\n<figure class=\"wp-block-image size-full\"><img decoding=\"async\" width=\"854\" height=\"803\" src=\"https:\/\/entretormentas.com\/wp-content\/uploads\/2026\/05\/image-1.png\" alt=\"\" class=\"wp-image-32046\" srcset=\"https:\/\/entretormentas.com\/wp-content\/uploads\/2026\/05\/image-1.png 854w, https:\/\/entretormentas.com\/wp-content\/uploads\/2026\/05\/image-1-300x282.png 300w, https:\/\/entretormentas.com\/wp-content\/uploads\/2026\/05\/image-1-768x722.png 768w\" sizes=\"(max-width: 854px) 100vw, 854px\" \/><\/figure>\n\n\n\n<p>\u00abSe han dictado mil 224 medidas de protecci\u00f3n, lo que demuestra el acercamiento y confianza por parte de la comunidad que busca respuestas ante la vulneraci\u00f3n de derechos\u00bb, dijo Rodr\u00edguez.<\/p>\n\n\n\n<p>En cuanto al derecho de los ni\u00f1os a la identidad, resalt\u00f3 que se han realizado jornadas permanentes en las comunidades y se ha articulado el trabajo con las oficinas de Registro parroquiales para la emisi\u00f3n de actas de nacimiento extempor\u00e1neas, inscribiendo debidamente a los ni\u00f1os ante el Registro Civil.<\/p>\n\n\n\n<p>Finalmente, dijo que en el marco del plan &#8216;Soy venezolano&#8217;, \u201cse han llevado a cabo jornadas fuera de sede, logrando 122 presentaciones extempor\u00e1neas, y un total de 556 casos atendidos en sede\u201d.<br><strong><em>ET \/ Prensa Alcald\u00eda de Maracaibo<\/em><\/strong><\/p>\n\n\n\n<p><\/p>\n","protected":false},"excerpt":{"rendered":"<p>ENTRE TORMENTAS. La Alcald\u00eda de Maracaibo anunci\u00f3 que entr\u00f3 en vigencia una nueva Arquitectura del&#8230;<\/p>\n","protected":false},"author":2,"featured_media":32045,"comment_status":"closed","ping_status":"open","sticky":false,"template":"","format":"standard","meta":{"footnotes":""},"categories":[1],"tags":[],"class_list":["post-32044","post","type-post","status-publish","format-standard","has-post-thumbnail","hentry","category-regionales"],"_links":{"self":[{"href":"https:\/\/entretormentas.com\/index.php?rest_route=\/wp\/v2\/posts\/32044","targetHints":{"allow":["GET"]}}],"collection":[{"href":"https:\/\/entretormentas.com\/index.php?rest_route=\/wp\/v2\/posts"}],"about":[{"href":"https:\/\/entretormentas.com\/index.php?rest_route=\/wp\/v2\/types\/post"}],"author":[{"embeddable":true,"href":"https:\/\/entretormentas.com\/index.php?rest_route=\/wp\/v2\/users\/2"}],"replies":[{"embeddable":true,"href":"https:\/\/entretormentas.com\/index.php?rest_route=%2Fwp%2Fv2%2Fcomments&post=32044"}],"version-history":[{"count":1,"href":"https:\/\/entretormentas.com\/index.php?rest_route=\/wp\/v2\/posts\/32044\/revisions"}],"predecessor-version":[{"id":32048,"href":"https:\/\/entretormentas.com\/index.php?rest_route=\/wp\/v2\/posts\/32044\/revisions\/32048"}],"wp:featuredmedia":[{"embeddable":true,"href":"https:\/\/entretormentas.com\/index.php?rest_route=\/wp\/v2\/media\/32045"}],"wp:attachment":[{"href":"https:\/\/entretormentas.com\/index.php?rest_route=%2Fwp%2Fv2%2Fmedia&parent=32044"}],"wp:term":[{"taxonomy":"category","embeddable":true,"href":"https:\/\/entretormentas.com\/index.php?rest_route=%2Fwp%2Fv2%2Fcategories&post=32044"},{"taxonomy":"post_tag","embeddable":true,"href":"https:\/\/entretormentas.com\/index.php?rest_route=%2Fwp%2Fv2%2Ftags&post=32044"}],"curies":[{"name":"wp","href":"https:\/\/api.w.org\/{rel}","templated":true}]}}