{"id":32060,"date":"2026-05-01T04:31:42","date_gmt":"2026-05-01T08:31:42","guid":{"rendered":"https:\/\/entretormentas.com\/?p=32060"},"modified":"2026-05-01T04:31:43","modified_gmt":"2026-05-01T08:31:43","slug":"john-barrett-vuelos-comerciales-entre-eeuu-y-venezuela-es-un-paso-historico-en-los-lazos-economicos-de-ambos-paises","status":"publish","type":"post","link":"https:\/\/entretormentas.com\/john-barrett-vuelos-comerciales-entre-eeuu-y-venezuela-es-un-paso-historico-en-los-lazos-economicos-de-ambos-paises\/","title":{"rendered":"JOHN BARRETT: \u00abVuelos comerciales entre EEUU y Venezuela es un paso hist\u00f3rico en los lazos econ\u00f3micos de ambos pa\u00edses\u00bb"},"content":{"rendered":"\n<p><strong>ENTRE TORMENTAS. <\/strong>Este jueves 30 de abril, marc\u00f3 un hito en la diplomacia y el comercio regional con la llegada del primer vuelo comercial directo de American Airlines al Aeropuerto Internacional Sim\u00f3n Bol\u00edvar de Maiquet\u00eda, tras siete a\u00f1os de interrupci\u00f3n del puente a\u00e9reo entre Venezuela y los Estados Unidos.<\/p>\n\n\n\n<p>El encargado de negocios de Estados Unidos en Caracas, John Barrett, y la ministro de Transporte de Venezuela, Jacqueline Far\u00eda, encabezaron el acto de recepci\u00f3n, En sus declaraciones oficiales, Barrett calific\u00f3 la jornada como un avance fundamental para la econom\u00eda y el reencuentro de ambas naciones.<\/p>\n\n\n\n<p>Barrett subray\u00f3 que este evento representa la \u00abapertura de Venezuela al comercio mundial\u00bb y es un pilar central en la \u00abreconstrucci\u00f3n de los lazos econ\u00f3micos\u00bb bilaterales, permitiendo una reconexi\u00f3n humana y comercial sin precedentes en la \u00faltima d\u00e9cada.<\/p>\n\n\n\n<figure class=\"wp-block-image size-full\"><img fetchpriority=\"high\" decoding=\"async\" width=\"768\" height=\"559\" src=\"https:\/\/entretormentas.com\/wp-content\/uploads\/2026\/05\/image-11.png\" alt=\"\" class=\"wp-image-32062\" srcset=\"https:\/\/entretormentas.com\/wp-content\/uploads\/2026\/05\/image-11.png 768w, https:\/\/entretormentas.com\/wp-content\/uploads\/2026\/05\/image-11-300x218.png 300w\" sizes=\"(max-width: 768px) 100vw, 768px\" \/><\/figure>\n\n\n\n<p>Asimismo, destac\u00f3 que la reanudaci\u00f3n de vuelos es un resultado directo del plan de tres fases -estabilizaci\u00f3n, recuperaci\u00f3n y transici\u00f3n- establecido por el presidente de Estados Unidos, Donald Trump, y el secretario Estado, Marco Rubio, luego de la captura de Nicol\u00e1s Maduro y de su esposa, la diputada Cilia Flores, por parte de fuerzas estadounidenses en Caracas, el pasado 3 de enero.<\/p>\n\n\n\n<p>\u00abBajo su liderazgo, hoy enviamos otra se\u00f1al clara al mercado mundial de que Venezuela puede estar abierta a los negocios\u00bb, apostill\u00f3 Barrett.<\/p>\n\n\n\n<p><strong>HECHO HIST\u00d3RICO<\/strong><br>Exactamente a la 1:15 p.m., el avi\u00f3n de American Airlines, un Embraer ERJ-175 con la matr\u00edcula N341MB, aterriz\u00f3 en suelo venezolano. La aeronave, que portaba una librea alusiva a la independencia norteamericana, fue recibida por las autoridades correspondientes.<\/p>\n\n\n\n<p>En el vuelo arrib\u00f3 una delegaci\u00f3n que inclu\u00eda a funcionarios de la Casa Blanca y personal diplom\u00e1tico, quienes se unieron a la ceremonia de corte de cinta tricolor junto a Barrett y la ministra de Transporte, Jacqueline Far\u00eda.<\/p>\n\n\n\n<p>La ministra Far\u00eda inform\u00f3 que se estima el flujo de m\u00e1s de 100 mil pasajeros anuales solo con esta ruta, posicionando nuevamente a Venezuela como un eje de conexi\u00f3n estrat\u00e9gico en el continente.<br><strong><em>ET \/ Agencias<\/em><\/strong><\/p>\n\n\n\n<p><\/p>\n","protected":false},"excerpt":{"rendered":"<p>ENTRE TORMENTAS. Este jueves 30 de abril, marc\u00f3 un hito en la diplomacia y el&#8230;<\/p>\n","protected":false},"author":2,"featured_media":32061,"comment_status":"closed","ping_status":"open","sticky":false,"template":"","format":"standard","meta":{"footnotes":""},"categories":[56,49],"tags":[],"class_list":["post-32060","post","type-post","status-publish","format-standard","has-post-thumbnail","hentry","category-destacadas","category-nacionales"],"_links":{"self":[{"href":"https:\/\/entretormentas.com\/index.php?rest_route=\/wp\/v2\/posts\/32060","targetHints":{"allow":["GET"]}}],"collection":[{"href":"https:\/\/entretormentas.com\/index.php?rest_route=\/wp\/v2\/posts"}],"about":[{"href":"https:\/\/entretormentas.com\/index.php?rest_route=\/wp\/v2\/types\/post"}],"author":[{"embeddable":true,"href":"https:\/\/entretormentas.com\/index.php?rest_route=\/wp\/v2\/users\/2"}],"replies":[{"embeddable":true,"href":"https:\/\/entretormentas.com\/index.php?rest_route=%2Fwp%2Fv2%2Fcomments&post=32060"}],"version-history":[{"count":1,"href":"https:\/\/entretormentas.com\/index.php?rest_route=\/wp\/v2\/posts\/32060\/revisions"}],"predecessor-version":[{"id":32063,"href":"https:\/\/entretormentas.com\/index.php?rest_route=\/wp\/v2\/posts\/32060\/revisions\/32063"}],"wp:featuredmedia":[{"embeddable":true,"href":"https:\/\/entretormentas.com\/index.php?rest_route=\/wp\/v2\/media\/32061"}],"wp:attachment":[{"href":"https:\/\/entretormentas.com\/index.php?rest_route=%2Fwp%2Fv2%2Fmedia&parent=32060"}],"wp:term":[{"taxonomy":"category","embeddable":true,"href":"https:\/\/entretormentas.com\/index.php?rest_route=%2Fwp%2Fv2%2Fcategories&post=32060"},{"taxonomy":"post_tag","embeddable":true,"href":"https:\/\/entretormentas.com\/index.php?rest_route=%2Fwp%2Fv2%2Ftags&post=32060"}],"curies":[{"name":"wp","href":"https:\/\/api.w.org\/{rel}","templated":true}]}}