{"id":32068,"date":"2026-05-02T05:21:12","date_gmt":"2026-05-02T09:21:12","guid":{"rendered":"https:\/\/entretormentas.com\/?p=32068"},"modified":"2026-05-02T05:21:13","modified_gmt":"2026-05-02T09:21:13","slug":"compromiso-laboral-trabajadores-de-carbozulia-celebran-su-dia-junto-a-su-directiva","status":"publish","type":"post","link":"https:\/\/entretormentas.com\/compromiso-laboral-trabajadores-de-carbozulia-celebran-su-dia-junto-a-su-directiva\/","title":{"rendered":"\u00a1COMPROMISO LABORAL! Trabajadores de Carbozulia celebran su d\u00eda junto a su directiva"},"content":{"rendered":"\n<p><strong>ENTRE TORMENTAS.<\/strong> Con la certeza firme en su mente de que \u00abEn sus manos est\u00e1 nuestra mayor riqueza\u00bb, varias autoridades que conforman la alta gerencia regional de la empresa Carbozulia, acudieron a los diversos centros operativos del estado Zulia para llevarles este mensaje.<\/p>\n\n\n\n<p>En diversas sedes de Carbozulia, vicepresidentes y gerentes de la empresa se reunieron con el personal operativo presente para felicitarlos por el gran esfuerzo que realizan, reconocer su aporte y certificar que son ellos los que est\u00e1n dando la cara en la mejora de esta empresa del Estado y por la estabilidad econ\u00f3mica que, poco a poco, va experimentando nuestro pa\u00eds.<\/p>\n\n\n\n<p>Recientemente, con motivo de la promulgaci\u00f3n de la nueva Ley Org\u00e1nica de Minas, la propia presidenta encargada, Delcy Rodr\u00edguez, expres\u00f3 estos reconocimientos al manifestar que el sector minero, en Venezuela, a crecido en un 10,9% con el oro, el carb\u00f3n y el hierro a la cabeza. Eso ya contribuido a los 20 trimestres consecutivos de crecimiento econ\u00f3mico que ha experimentado nuestro pa\u00eds.<\/p>\n\n\n\n<figure class=\"wp-block-image size-large\"><img fetchpriority=\"high\" decoding=\"async\" width=\"1024\" height=\"682\" src=\"https:\/\/entretormentas.com\/wp-content\/uploads\/2026\/05\/image-15-1024x682.png\" alt=\"\" class=\"wp-image-32070\" srcset=\"https:\/\/entretormentas.com\/wp-content\/uploads\/2026\/05\/image-15-1024x682.png 1024w, https:\/\/entretormentas.com\/wp-content\/uploads\/2026\/05\/image-15-300x200.png 300w, https:\/\/entretormentas.com\/wp-content\/uploads\/2026\/05\/image-15-768x512.png 768w, https:\/\/entretormentas.com\/wp-content\/uploads\/2026\/05\/image-15.png 1280w\" sizes=\"(max-width: 1024px) 100vw, 1024px\" \/><\/figure>\n\n\n\n<p>\u00abEstamos orgullosos de pertenecer a Carbozulia. Nosotros como trabajadores estamos dando el m\u00e1ximo de nuestra capacidad para impulsar la industria del carb\u00f3n\u00bb, expres\u00f3 Edici\u00f3n Zabala, trabajador adscrito a la Gerencia de Producci\u00f3n, en un encuentro realizado en el centro operativo de Mina Paso Diablo en el d\u00eda de ayer.<\/p>\n\n\n\n<p>Como parte del encuentro, la empresa entreg\u00f3 reconocimientos que combinaron lo afectivo y lo material: incentivos econ\u00f3micos, obsequios institucionales (gorras y chemises de la empresa) y planes recreativos para trabajadores con mayor trayectoria de servicio. M\u00e1s all\u00e1 del beneficio, el gesto busc\u00f3 reafirmar un mensaje el compromiso del trabajador tiene valor y es visible.<\/p>\n\n\n\n<p>El trabajador Arc\u00e1ngel Cale resumi\u00f3 ese sentir con una frase sencilla, pero contundente: \u00abAgradecido con la empresa que siempre aporta y apoya a sus trabajadores.<br><strong><em>ET \/ Nota de Prensa<\/em><\/strong><\/p>\n","protected":false},"excerpt":{"rendered":"<p>ENTRE TORMENTAS. Con la certeza firme en su mente de que \u00abEn sus manos est\u00e1&#8230;<\/p>\n","protected":false},"author":2,"featured_media":32069,"comment_status":"closed","ping_status":"open","sticky":false,"template":"","format":"standard","meta":{"footnotes":""},"categories":[57,1],"tags":[],"class_list":["post-32068","post","type-post","status-publish","format-standard","has-post-thumbnail","hentry","category-actualidad","category-regionales"],"_links":{"self":[{"href":"https:\/\/entretormentas.com\/index.php?rest_route=\/wp\/v2\/posts\/32068","targetHints":{"allow":["GET"]}}],"collection":[{"href":"https:\/\/entretormentas.com\/index.php?rest_route=\/wp\/v2\/posts"}],"about":[{"href":"https:\/\/entretormentas.com\/index.php?rest_route=\/wp\/v2\/types\/post"}],"author":[{"embeddable":true,"href":"https:\/\/entretormentas.com\/index.php?rest_route=\/wp\/v2\/users\/2"}],"replies":[{"embeddable":true,"href":"https:\/\/entretormentas.com\/index.php?rest_route=%2Fwp%2Fv2%2Fcomments&post=32068"}],"version-history":[{"count":1,"href":"https:\/\/entretormentas.com\/index.php?rest_route=\/wp\/v2\/posts\/32068\/revisions"}],"predecessor-version":[{"id":32071,"href":"https:\/\/entretormentas.com\/index.php?rest_route=\/wp\/v2\/posts\/32068\/revisions\/32071"}],"wp:featuredmedia":[{"embeddable":true,"href":"https:\/\/entretormentas.com\/index.php?rest_route=\/wp\/v2\/media\/32069"}],"wp:attachment":[{"href":"https:\/\/entretormentas.com\/index.php?rest_route=%2Fwp%2Fv2%2Fmedia&parent=32068"}],"wp:term":[{"taxonomy":"category","embeddable":true,"href":"https:\/\/entretormentas.com\/index.php?rest_route=%2Fwp%2Fv2%2Fcategories&post=32068"},{"taxonomy":"post_tag","embeddable":true,"href":"https:\/\/entretormentas.com\/index.php?rest_route=%2Fwp%2Fv2%2Ftags&post=32068"}],"curies":[{"name":"wp","href":"https:\/\/api.w.org\/{rel}","templated":true}]}}