{"id":32072,"date":"2026-05-02T05:25:26","date_gmt":"2026-05-02T09:25:26","guid":{"rendered":"https:\/\/entretormentas.com\/?p=32072"},"modified":"2026-05-02T05:25:26","modified_gmt":"2026-05-02T09:25:26","slug":"rescate-literario-entre-versos-y-vecinos-se-inaugura-tertulias-en-la-plaza-maria-calcano","status":"publish","type":"post","link":"https:\/\/entretormentas.com\/rescate-literario-entre-versos-y-vecinos-se-inaugura-tertulias-en-la-plaza-maria-calcano\/","title":{"rendered":"\u00a1RESCATE LITERARIO! Entre versos y vecinos se inaugura \u201cTertulias en la Plaza Mar\u00eda Calca\u00f1o\u00bb"},"content":{"rendered":"\n<p><strong><em>La charla del profesor y escritor Cosimo Mandrillo, se combin\u00f3 con la recitaci\u00f3n espont\u00e1nea de poemas de Mar\u00eda Calca\u00f1o<\/em><\/strong><\/p>\n\n\n\n<p><strong>ENTRE TORMENTAS. <\/strong>Bajo la sombra de la reci\u00e9n inaugurada Plaza Mar\u00eda Calca\u00f1o, los vecinos vivieron un encuentro m\u00e1gico donde la poes\u00eda camin\u00f3 entre los asistentes a este renovado lugar de encuentro.<\/p>\n\n\n\n<p>Este espacio, anteriormente conocido como Plaza Ra\u00fal Leoni, fue rescatado por la gesti\u00f3n del alcalde Giancarlo Di Martino, atendiendo a la solicitud e iniciativa de los vecinos. El alcalde busca transformar nuestras plazas y parques en verdaderos puntos de encuentro para los marabinos, devolvi\u00e9ndole la vida a la ciudad.<\/p>\n\n\n\n<p>C\u00f3simo Mandrillo, poeta, docente, escritor y bi\u00f3grafo de Mar\u00eda Calca\u00f1o comparti\u00f3 una disertaci\u00f3n amena y cercana sobre la vida y obra de esta poeta marabina. A trav\u00e9s de la narrativa del bi\u00f3grafo de Mar\u00eda Calca\u00f1o se expuso a la mujer cuya poes\u00eda, aunque de lenguaje literario elevado, conectaba profundamente con el sentimiento popular por su inmensa calidad humana.<\/p>\n\n\n\n<figure class=\"wp-block-image size-full\"><img fetchpriority=\"high\" decoding=\"async\" width=\"854\" height=\"861\" src=\"https:\/\/entretormentas.com\/wp-content\/uploads\/2026\/05\/image-17.png\" alt=\"\" class=\"wp-image-32074\" srcset=\"https:\/\/entretormentas.com\/wp-content\/uploads\/2026\/05\/image-17.png 854w, https:\/\/entretormentas.com\/wp-content\/uploads\/2026\/05\/image-17-298x300.png 298w, https:\/\/entretormentas.com\/wp-content\/uploads\/2026\/05\/image-17-150x150.png 150w, https:\/\/entretormentas.com\/wp-content\/uploads\/2026\/05\/image-17-768x774.png 768w\" sizes=\"(max-width: 854px) 100vw, 854px\" \/><\/figure>\n\n\n\n<p>C\u00f3simo es escritor, docente e investigador literario, licenciado, magister y doctor en Literatura Hispanoamericana, con varios libros en su haber entre literatura, poes\u00eda e infantiles, algunos premiados internacionalmente. Considera que \u201cel acto po\u00e9tico no est\u00e1 en el papel, est\u00e1 en el alma\u201d.<\/p>\n\n\n\n<p><strong>RECONOCIMIENTO A MAR\u00cdA CALCA\u00d1O<\/strong><br>El escritor e investigador C\u00f3simo Mandrillo destac\u00f3 el valor simb\u00f3lico de la iniciativa impulsada por la gesti\u00f3n del Alcalde Giancarlo Di Martino. \u201cUno de los trabajos m\u00e1s interesantes que hice a lo largo de mi carrera fue redescubrir la obra po\u00e9tica de Mar\u00eda Calca\u00f1o. Ver este reconocimiento a un personaje tan importante para la zulianidad es realmente reconfortante\u201d, afirm\u00f3.<\/p>\n\n\n\n<p>A su juicio, estas acciones apuntan al fortalecimiento de la identidad. \u201cCreo que este tipo de acciones de gobierno tienden a aportar elementos culturales para que esa identidad se fortalezca a trav\u00e9s del tiempo, sobre todo en el Zulia, donde el asunto de la identidad es siempre un concepto que est\u00e1 presente, pero esa identidad se tiene que encarnar en ciertos personajes que le han legado un bagaje cultural e hist\u00f3rico a la ciudad. Me congratula mucho esta acci\u00f3n del alcalde Giancarlo Di Martino y ojal\u00e1 que muchas cosas m\u00e1s se repitan con otros escritores y con otros artistas\u201d, explic\u00f3.<\/p>\n\n\n\n<figure class=\"wp-block-image size-large\"><img decoding=\"async\" width=\"1024\" height=\"679\" src=\"https:\/\/entretormentas.com\/wp-content\/uploads\/2026\/05\/image-18-1024x679.png\" alt=\"\" class=\"wp-image-32075\" srcset=\"https:\/\/entretormentas.com\/wp-content\/uploads\/2026\/05\/image-18-1024x679.png 1024w, https:\/\/entretormentas.com\/wp-content\/uploads\/2026\/05\/image-18-300x199.png 300w, https:\/\/entretormentas.com\/wp-content\/uploads\/2026\/05\/image-18-768x509.png 768w, https:\/\/entretormentas.com\/wp-content\/uploads\/2026\/05\/image-18.png 1093w\" sizes=\"(max-width: 1024px) 100vw, 1024px\" \/><\/figure>\n\n\n\n<p>El escritor exhort\u00f3 a seguir reconociendo el legado cultural de otros creadores. \u201cHay muchos escritores y artistas cuya obra no se ha reconocido lo suficiente y lo importante es que el arte, la escritura, la literatura fuerzan una cosa que para los zulianos es muy importante, que es la identidad\u201d.<\/p>\n\n\n\n<p>Esta tertulia es una iniciativa impulsada por la Direcci\u00f3n de Planificaci\u00f3n y Desarrollo Organizacional, en la gesti\u00f3n de la soci\u00f3loga Liuba Colmenares, con el objetivo de estrechar v\u00ednculos entre la plaza y su comunidad. Adem\u00e1s, se integran a esta propuesta la Direcci\u00f3n de Cultura y la grata presencia de FundaBiblioteca.<br><strong><em>ET \/ Prensa Alcald\u00eda de Maracaibo<\/em><\/strong><\/p>\n","protected":false},"excerpt":{"rendered":"<p>La charla del profesor y escritor Cosimo Mandrillo, se combin\u00f3 con la recitaci\u00f3n espont\u00e1nea de&#8230;<\/p>\n","protected":false},"author":2,"featured_media":32073,"comment_status":"closed","ping_status":"open","sticky":false,"template":"","format":"standard","meta":{"footnotes":""},"categories":[57,1],"tags":[],"class_list":["post-32072","post","type-post","status-publish","format-standard","has-post-thumbnail","hentry","category-actualidad","category-regionales"],"_links":{"self":[{"href":"https:\/\/entretormentas.com\/index.php?rest_route=\/wp\/v2\/posts\/32072","targetHints":{"allow":["GET"]}}],"collection":[{"href":"https:\/\/entretormentas.com\/index.php?rest_route=\/wp\/v2\/posts"}],"about":[{"href":"https:\/\/entretormentas.com\/index.php?rest_route=\/wp\/v2\/types\/post"}],"author":[{"embeddable":true,"href":"https:\/\/entretormentas.com\/index.php?rest_route=\/wp\/v2\/users\/2"}],"replies":[{"embeddable":true,"href":"https:\/\/entretormentas.com\/index.php?rest_route=%2Fwp%2Fv2%2Fcomments&post=32072"}],"version-history":[{"count":1,"href":"https:\/\/entretormentas.com\/index.php?rest_route=\/wp\/v2\/posts\/32072\/revisions"}],"predecessor-version":[{"id":32076,"href":"https:\/\/entretormentas.com\/index.php?rest_route=\/wp\/v2\/posts\/32072\/revisions\/32076"}],"wp:featuredmedia":[{"embeddable":true,"href":"https:\/\/entretormentas.com\/index.php?rest_route=\/wp\/v2\/media\/32073"}],"wp:attachment":[{"href":"https:\/\/entretormentas.com\/index.php?rest_route=%2Fwp%2Fv2%2Fmedia&parent=32072"}],"wp:term":[{"taxonomy":"category","embeddable":true,"href":"https:\/\/entretormentas.com\/index.php?rest_route=%2Fwp%2Fv2%2Fcategories&post=32072"},{"taxonomy":"post_tag","embeddable":true,"href":"https:\/\/entretormentas.com\/index.php?rest_route=%2Fwp%2Fv2%2Ftags&post=32072"}],"curies":[{"name":"wp","href":"https:\/\/api.w.org\/{rel}","templated":true}]}}