{"id":32077,"date":"2026-05-02T05:31:08","date_gmt":"2026-05-02T09:31:08","guid":{"rendered":"https:\/\/entretormentas.com\/?p=32077"},"modified":"2026-05-02T05:31:09","modified_gmt":"2026-05-02T09:31:09","slug":"fondo-municipal-de-proteccion-instan-a-colaborar-con-programas-de-atencion-a-ninos-ninas-y-adolescentes","status":"publish","type":"post","link":"https:\/\/entretormentas.com\/fondo-municipal-de-proteccion-instan-a-colaborar-con-programas-de-atencion-a-ninos-ninas-y-adolescentes\/","title":{"rendered":"\u00a1FONDO MUNICIPAL DE PROTECCI\u00d3N! Instan a colaborar con programas de atenci\u00f3n a ni\u00f1os, ni\u00f1as y adolescentes"},"content":{"rendered":"\n<p><strong>ENTRE TORMENTAS.<\/strong> El Fondo Municipal de Protecci\u00f3n de Ni\u00f1os, Ni\u00f1as y Adolescentes de Maracaibo hizo un llamado a empresas y particulares a aportar recursos para fortalecer los programas de atenci\u00f3n a la poblaci\u00f3n infantil en situaci\u00f3n de vulnerabilidad que atiende esta instituci\u00f3n, adscrita a la Direcci\u00f3n de Desarrollo Social de la Alcald\u00eda Bolivariana de Maracaibo.<\/p>\n\n\n\n<p>\u201cQueremos sensibilizar a la poblaci\u00f3n marabina sobre la existencia y prop\u00f3sito del Fondo de Protecci\u00f3n, que no es m\u00e1s que buscar recursos financieros y no financieros para el fortalecimiento de los programas que ejecutan las entidades de atenci\u00f3n inscritas en el Consejo Municipal de Derechos\u201d, dijo en rueda de prensa su administrador, Alexy Urdaneta.<\/p>\n\n\n\n<figure class=\"wp-block-image size-full\"><img fetchpriority=\"high\" decoding=\"async\" width=\"854\" height=\"777\" src=\"https:\/\/entretormentas.com\/wp-content\/uploads\/2026\/05\/image-20.png\" alt=\"\" class=\"wp-image-32079\" srcset=\"https:\/\/entretormentas.com\/wp-content\/uploads\/2026\/05\/image-20.png 854w, https:\/\/entretormentas.com\/wp-content\/uploads\/2026\/05\/image-20-300x273.png 300w, https:\/\/entretormentas.com\/wp-content\/uploads\/2026\/05\/image-20-768x699.png 768w\" sizes=\"(max-width: 854px) 100vw, 854px\" \/><\/figure>\n\n\n\n<p>Explic\u00f3 que disponen de varias formas de contribuci\u00f3n: a trav\u00e9s de la campa\u00f1a &#8216;Dona con Prop\u00f3sito&#8217;, de donaciones v\u00eda pago m\u00f3vil con un c\u00f3digo QR, de la venta de stickers para veh\u00edculos y por medio la donaci\u00f3n de tapitas pl\u00e1sticas para su reciclaje y venta.<\/p>\n\n\n\n<p>\u201cTambi\u00e9n estamos definiendo l\u00edneas con el Seniat y el Sedemat en temas de exoneraci\u00f3n de impuestos para estimular a empresarios y comerciantes a contribuir con el Fondo de Protecci\u00f3n\u201d, destac\u00f3 Urdaneta.<\/p>\n\n\n\n<p><strong>RESPONSABILIDAD COMPARTIDA<\/strong><br>El administrador del Fondo de Protecci\u00f3n puso de relieve que la Alcald\u00eda de Maracaibo est\u00e1 cumpliendo con su deber en materia de atenci\u00f3n a la ni\u00f1ez. \u201cTenemos programas debidamente inscritos en el Consejo Municipal de Derechos, tenemos a los Consejeros de Protecci\u00f3n de Ni\u00f1os, Ni\u00f1as y Adolescentes; de hecho, somos uno de los consejos de protecci\u00f3n que m\u00e1s consejeros principales y suplentes tienen incorporados. Pero la responsabilidad no solamente recae sobre el Estado, sino tambi\u00e9n sobre la sociedad. De tal manera que todos tenemos que unirnos en pro de la infancia del municipio\u201d.<\/p>\n\n\n\n<figure class=\"wp-block-image size-full\"><img decoding=\"async\" width=\"768\" height=\"576\" src=\"https:\/\/entretormentas.com\/wp-content\/uploads\/2026\/05\/image-21.png\" alt=\"\" class=\"wp-image-32080\" srcset=\"https:\/\/entretormentas.com\/wp-content\/uploads\/2026\/05\/image-21.png 768w, https:\/\/entretormentas.com\/wp-content\/uploads\/2026\/05\/image-21-300x225.png 300w\" sizes=\"(max-width: 768px) 100vw, 768px\" \/><\/figure>\n\n\n\n<p>Sobre la presencia de ni\u00f1os en situaci\u00f3n de calle, pidi\u00f3 a la poblaci\u00f3n no darles dinero directamente, ya que esto genera codependencia y los expone a vulnerabilidad.<br>Por ello enfatiz\u00f3 que la colaboraci\u00f3n debe hacerse a trav\u00e9s del Fondo Municipal de Protecci\u00f3n, que garantiza que los aportes sean seguros y dirigidos a la protecci\u00f3n integral de los ni\u00f1os que enfrentan ese tipo de situaci\u00f3n.<\/p>\n\n\n\n<p><strong>ABORDAJE FAMILIAR<\/strong><br>Por su parte, Pa\u00fal Urdaneta, presidente de la Fundaci\u00f3n Ni\u00f1os del Sol (Fundanis), destac\u00f3 que, mediante uno de los programas de la instituci\u00f3n, el Centro de Orientaci\u00f3n Familiar (COF), ofrecen escuelas para padres y abordan directamente en la calle a familias que someten a los hijos a explotaci\u00f3n laboral.<\/p>\n\n\n\n<p>\u201cVienen derivadas del Consejo de Protecci\u00f3n a trav\u00e9s de una medida de protecci\u00f3n o de un tribunal; y nosotros entonces, de alguna manera, les ense\u00f1amos a ser padres y madres, o sea, les ofrecemos orientaci\u00f3n y formaci\u00f3n\u201d.<\/p>\n\n\n\n<figure class=\"wp-block-image size-large\"><img decoding=\"async\" width=\"1024\" height=\"682\" src=\"https:\/\/entretormentas.com\/wp-content\/uploads\/2026\/05\/image-22-1024x682.png\" alt=\"\" class=\"wp-image-32081\" srcset=\"https:\/\/entretormentas.com\/wp-content\/uploads\/2026\/05\/image-22-1024x682.png 1024w, https:\/\/entretormentas.com\/wp-content\/uploads\/2026\/05\/image-22-300x200.png 300w, https:\/\/entretormentas.com\/wp-content\/uploads\/2026\/05\/image-22-768x512.png 768w, https:\/\/entretormentas.com\/wp-content\/uploads\/2026\/05\/image-22.png 1280w\" sizes=\"(max-width: 1024px) 100vw, 1024px\" \/><\/figure>\n\n\n\n<p>Urdaneta dijo que incluso van m\u00e1s all\u00e1, dando trabajo a los padres de estos ni\u00f1os. \u201cEn conjunto con organismos de nuestra Alcald\u00eda Bolivariana, como el Instituto Municipal de Ambiente (IMA) damos empleo a los adultos y as\u00ed eliminamos su excusa de la falta de trabajo\u201d.<\/p>\n\n\n\n<p>Inform\u00f3 que otra de las formas en que la fundaci\u00f3n combate esta vulneraci\u00f3n de los derechos de los ni\u00f1os es facilitar informaci\u00f3n a organismos de inteligencia sobre posibles focos de explotaci\u00f3n y abuso infantil, para que los organismos de seguridad act\u00faen en el desmantelamiento de redes criminales.<br><strong><em>ET \/ Prensa Alcald\u00eda de Maracaibo<\/em><\/strong><\/p>\n\n\n\n<p><\/p>\n","protected":false},"excerpt":{"rendered":"<p>ENTRE TORMENTAS. El Fondo Municipal de Protecci\u00f3n de Ni\u00f1os, Ni\u00f1as y Adolescentes de Maracaibo hizo&#8230;<\/p>\n","protected":false},"author":2,"featured_media":32078,"comment_status":"closed","ping_status":"open","sticky":false,"template":"","format":"standard","meta":{"footnotes":""},"categories":[56,1],"tags":[],"class_list":["post-32077","post","type-post","status-publish","format-standard","has-post-thumbnail","hentry","category-destacadas","category-regionales"],"_links":{"self":[{"href":"https:\/\/entretormentas.com\/index.php?rest_route=\/wp\/v2\/posts\/32077","targetHints":{"allow":["GET"]}}],"collection":[{"href":"https:\/\/entretormentas.com\/index.php?rest_route=\/wp\/v2\/posts"}],"about":[{"href":"https:\/\/entretormentas.com\/index.php?rest_route=\/wp\/v2\/types\/post"}],"author":[{"embeddable":true,"href":"https:\/\/entretormentas.com\/index.php?rest_route=\/wp\/v2\/users\/2"}],"replies":[{"embeddable":true,"href":"https:\/\/entretormentas.com\/index.php?rest_route=%2Fwp%2Fv2%2Fcomments&post=32077"}],"version-history":[{"count":1,"href":"https:\/\/entretormentas.com\/index.php?rest_route=\/wp\/v2\/posts\/32077\/revisions"}],"predecessor-version":[{"id":32082,"href":"https:\/\/entretormentas.com\/index.php?rest_route=\/wp\/v2\/posts\/32077\/revisions\/32082"}],"wp:featuredmedia":[{"embeddable":true,"href":"https:\/\/entretormentas.com\/index.php?rest_route=\/wp\/v2\/media\/32078"}],"wp:attachment":[{"href":"https:\/\/entretormentas.com\/index.php?rest_route=%2Fwp%2Fv2%2Fmedia&parent=32077"}],"wp:term":[{"taxonomy":"category","embeddable":true,"href":"https:\/\/entretormentas.com\/index.php?rest_route=%2Fwp%2Fv2%2Fcategories&post=32077"},{"taxonomy":"post_tag","embeddable":true,"href":"https:\/\/entretormentas.com\/index.php?rest_route=%2Fwp%2Fv2%2Ftags&post=32077"}],"curies":[{"name":"wp","href":"https:\/\/api.w.org\/{rel}","templated":true}]}}