{"id":32083,"date":"2026-05-02T05:37:02","date_gmt":"2026-05-02T09:37:02","guid":{"rendered":"https:\/\/entretormentas.com\/?p=32083"},"modified":"2026-05-02T05:37:03","modified_gmt":"2026-05-02T09:37:03","slug":"conmemoraron-su-dia-trabajadores-marchan-en-maracaibo-en-rechazo-al-reciente-ajuste-salarial","status":"publish","type":"post","link":"https:\/\/entretormentas.com\/conmemoraron-su-dia-trabajadores-marchan-en-maracaibo-en-rechazo-al-reciente-ajuste-salarial\/","title":{"rendered":"\u00a1CONMEMORARON SU D\u00cdA! Trabajadores marchan en Maracaibo en rechazo al reciente ajuste salarial"},"content":{"rendered":"\n<p><strong>ENTRE TORMENTAS.<\/strong> Bajo una sola consigna de unidad y justicia laboral, los sindicatos afiliados a Fetrazulia, se movilizaron este 1 de mayo en la capital zuliana. La marcha, que conmemor\u00f3 el D\u00eda Internacional del Trabajador, parti\u00f3 desde la emblem\u00e1tica Iglesia Santa B\u00e1rbara, recorriendo el Casco Central y la Avenida Libertador hasta culminar en las adyacencias del Paraninfo de la Universidad del Zulia.<\/p>\n\n\n\n<p>La movilizaci\u00f3n no solo sirvi\u00f3 para recordar la gesta hist\u00f3rica de los m\u00e1rtires de Chicago, sino para denunciar la precaria situaci\u00f3n salarial que atraviesa el sector laboral venezolano, acentuada por los recientes anuncios gubernamentales en materia de bonificaciones.<\/p>\n\n\n\n<figure class=\"wp-block-image size-full\"><img fetchpriority=\"high\" decoding=\"async\" width=\"690\" height=\"518\" src=\"https:\/\/entretormentas.com\/wp-content\/uploads\/2026\/05\/image-24.png\" alt=\"\" class=\"wp-image-32085\" srcset=\"https:\/\/entretormentas.com\/wp-content\/uploads\/2026\/05\/image-24.png 690w, https:\/\/entretormentas.com\/wp-content\/uploads\/2026\/05\/image-24-300x225.png 300w\" sizes=\"(max-width: 690px) 100vw, 690px\" \/><\/figure>\n\n\n\n<p>El profesor de la Universidad del Zulia, Edinson Morales, calific\u00f3 el ajuste anunciado recientemente como insuficiente. \u201cEl decreto de ayer no era lo que esper\u00e1bamos. Hasta ahora lo que se sabe es un aumento del salario integral donde solamente un 30% fue salario m\u00ednimo y el resto bonificaciones\u201d.<\/p>\n\n\n\n<p>La exigencia de un sueldo anclado a la realidad econ\u00f3mica fue el eje central de las declaraciones. N\u00e9stor Yancen de Fetrazulia y Merlin Delgado, coordinadora de la Plataforma Unitaria en el Zulia, coincidieron en que se debe respetar el Art\u00edculo 91 de la Constituci\u00f3n.<\/p>\n\n\n\n<p>\u201cQueremos un aumento que sea como lo dice la Constituci\u00f3n: seg\u00fan la canasta b\u00e1sica alimentaria para todos los trabajadores\u201d, exigi\u00f3 Yance.<\/p>\n\n\n\n<figure class=\"wp-block-image size-full\"><img decoding=\"async\" width=\"720\" height=\"658\" src=\"https:\/\/entretormentas.com\/wp-content\/uploads\/2026\/05\/image-25.png\" alt=\"\" class=\"wp-image-32086\" srcset=\"https:\/\/entretormentas.com\/wp-content\/uploads\/2026\/05\/image-25.png 720w, https:\/\/entretormentas.com\/wp-content\/uploads\/2026\/05\/image-25-300x274.png 300w\" sizes=\"(max-width: 720px) 100vw, 720px\" \/><\/figure>\n\n\n\n<p>\u201cLos trabajadores necesitan un aumento de salario justo y digno como lo dice el art\u00edculo 91 en la Constituci\u00f3n nacional, esto para nosotros es raz\u00f3n de honor\u201d, indic\u00f3 Merlin Delgado<\/p>\n\n\n\n<p>La movilizaci\u00f3n concluy\u00f3 con el compromiso de los gremios zulianos de mantenerse en las calles hasta lograr condiciones que dignifiquen el esfuerzo de la clase obrera regional.<br><strong><em>ET \/ El Regional del Zulia<\/em><\/strong><\/p>\n\n\n\n<p><\/p>\n","protected":false},"excerpt":{"rendered":"<p>ENTRE TORMENTAS. Bajo una sola consigna de unidad y justicia laboral, los sindicatos afiliados a&#8230;<\/p>\n","protected":false},"author":2,"featured_media":32084,"comment_status":"closed","ping_status":"open","sticky":false,"template":"","format":"standard","meta":{"footnotes":""},"categories":[56,1],"tags":[],"class_list":["post-32083","post","type-post","status-publish","format-standard","has-post-thumbnail","hentry","category-destacadas","category-regionales"],"_links":{"self":[{"href":"https:\/\/entretormentas.com\/index.php?rest_route=\/wp\/v2\/posts\/32083","targetHints":{"allow":["GET"]}}],"collection":[{"href":"https:\/\/entretormentas.com\/index.php?rest_route=\/wp\/v2\/posts"}],"about":[{"href":"https:\/\/entretormentas.com\/index.php?rest_route=\/wp\/v2\/types\/post"}],"author":[{"embeddable":true,"href":"https:\/\/entretormentas.com\/index.php?rest_route=\/wp\/v2\/users\/2"}],"replies":[{"embeddable":true,"href":"https:\/\/entretormentas.com\/index.php?rest_route=%2Fwp%2Fv2%2Fcomments&post=32083"}],"version-history":[{"count":1,"href":"https:\/\/entretormentas.com\/index.php?rest_route=\/wp\/v2\/posts\/32083\/revisions"}],"predecessor-version":[{"id":32087,"href":"https:\/\/entretormentas.com\/index.php?rest_route=\/wp\/v2\/posts\/32083\/revisions\/32087"}],"wp:featuredmedia":[{"embeddable":true,"href":"https:\/\/entretormentas.com\/index.php?rest_route=\/wp\/v2\/media\/32084"}],"wp:attachment":[{"href":"https:\/\/entretormentas.com\/index.php?rest_route=%2Fwp%2Fv2%2Fmedia&parent=32083"}],"wp:term":[{"taxonomy":"category","embeddable":true,"href":"https:\/\/entretormentas.com\/index.php?rest_route=%2Fwp%2Fv2%2Fcategories&post=32083"},{"taxonomy":"post_tag","embeddable":true,"href":"https:\/\/entretormentas.com\/index.php?rest_route=%2Fwp%2Fv2%2Ftags&post=32083"}],"curies":[{"name":"wp","href":"https:\/\/api.w.org\/{rel}","templated":true}]}}