{"id":32088,"date":"2026-05-02T05:41:02","date_gmt":"2026-05-02T09:41:02","guid":{"rendered":"https:\/\/entretormentas.com\/?p=32088"},"modified":"2026-05-02T05:41:03","modified_gmt":"2026-05-02T09:41:03","slug":"rechazo-capriles-tilda-de-insuficiente-e-injusto-el-ajuste-de-ingreso-minimo-y-las-pensiones","status":"publish","type":"post","link":"https:\/\/entretormentas.com\/rechazo-capriles-tilda-de-insuficiente-e-injusto-el-ajuste-de-ingreso-minimo-y-las-pensiones\/","title":{"rendered":"\u00a1RECHAZO! Capriles tilda de \u201cinsuficiente e injusto\u201d el ajuste de ingreso m\u00ednimo y las pensiones"},"content":{"rendered":"\n<p><strong>ENTRE TORMENTAS.<\/strong> El diputado Henrique Capriles cuestion\u00f3 este jueves el reciente anuncio del Ejecutivo Nacional sobre el incremento del ingreso m\u00ednimo integral a 240 d\u00f3lares y el ajuste de las pensiones a 70 d\u00f3lares. El dirigente asegur\u00f3 que estas cifras resultan insuficientes para cubrir las necesidades b\u00e1sicas de la poblaci\u00f3n venezolana.<\/p>\n\n\n\n<p>A trav\u00e9s de un audio difundido en sus redes sociales, Capriles desglos\u00f3 el impacto real de la medida en los sectores m\u00e1s vulnerables. Seg\u00fan su an\u00e1lisis, el incremento neto para los pensionados fue de apenas 20 d\u00f3lares, al pasar de un ingreso de 50 a 70 d\u00f3lares mensuales.<\/p>\n\n\n\n<p>\u201cEs un monto limitado; son menos de un d\u00f3lar diario\u201d, afirm\u00f3 el parlamentario al referirse a la capacidad adquisitiva que representa este ajuste para los adultos mayores.<\/p>\n\n\n\n<p>En relaci\u00f3n al ingreso de los trabajadores activos, Capriles enfatiz\u00f3 que el salario base se mantiene congelado en 130 bol\u00edvares. Se\u00f1al\u00f3 que el incremento de 50 d\u00f3lares en las bonificaciones no se traduce en una mejora sustancial en la econom\u00eda familiar. \u201cNo llega ni a dos d\u00f3lares al d\u00eda\u201d, sostuvo.<\/p>\n\n\n\n<p>Asimismo, el dirigente denunci\u00f3 la falta de claridad en el manejo de la informaci\u00f3n financiera del pa\u00eds:<\/p>\n\n\n\n<ul class=\"wp-block-list\">\n<li>Falta de transparencia: Capriles exigi\u00f3 el cese de la \u201copacidad\u201d en la publicaci\u00f3n de datos econ\u00f3micos oficiales.<\/li>\n\n\n\n<li>Cr\u00edtica a la narrativa oficial: Cuestion\u00f3 que el Ejecutivo presente esta medida como el aumento \u00abm\u00e1s importante en a\u00f1os\u00bb, pregunt\u00e1ndose por qu\u00e9 no se aplicaron mejoras de este tipo con anterioridad si exist\u00eda la capacidad para hacerlo.<\/li>\n<\/ul>\n\n\n\n<p>Finalmente, el diputado calific\u00f3 la medida como una respuesta que no cumple con las expectativas de la naci\u00f3n. \u201cNo es lo que espera el pa\u00eds. Es una medida insuficiente e injusta\u201d, concluy\u00f3, reiterando la urgencia de establecer mecanismos claros de rendici\u00f3n de cuentas y soluciones que mejoren de forma estructural las condiciones de vida de los venezolanos.<br><strong><em>ET \/ Agencias<\/em><\/strong><\/p>\n\n\n\n<p><\/p>\n","protected":false},"excerpt":{"rendered":"<p>ENTRE TORMENTAS. El diputado Henrique Capriles cuestion\u00f3 este jueves el reciente anuncio del Ejecutivo Nacional&#8230;<\/p>\n","protected":false},"author":2,"featured_media":32089,"comment_status":"closed","ping_status":"open","sticky":false,"template":"","format":"standard","meta":{"footnotes":""},"categories":[56,49],"tags":[],"class_list":["post-32088","post","type-post","status-publish","format-standard","has-post-thumbnail","hentry","category-destacadas","category-nacionales"],"_links":{"self":[{"href":"https:\/\/entretormentas.com\/index.php?rest_route=\/wp\/v2\/posts\/32088","targetHints":{"allow":["GET"]}}],"collection":[{"href":"https:\/\/entretormentas.com\/index.php?rest_route=\/wp\/v2\/posts"}],"about":[{"href":"https:\/\/entretormentas.com\/index.php?rest_route=\/wp\/v2\/types\/post"}],"author":[{"embeddable":true,"href":"https:\/\/entretormentas.com\/index.php?rest_route=\/wp\/v2\/users\/2"}],"replies":[{"embeddable":true,"href":"https:\/\/entretormentas.com\/index.php?rest_route=%2Fwp%2Fv2%2Fcomments&post=32088"}],"version-history":[{"count":1,"href":"https:\/\/entretormentas.com\/index.php?rest_route=\/wp\/v2\/posts\/32088\/revisions"}],"predecessor-version":[{"id":32090,"href":"https:\/\/entretormentas.com\/index.php?rest_route=\/wp\/v2\/posts\/32088\/revisions\/32090"}],"wp:featuredmedia":[{"embeddable":true,"href":"https:\/\/entretormentas.com\/index.php?rest_route=\/wp\/v2\/media\/32089"}],"wp:attachment":[{"href":"https:\/\/entretormentas.com\/index.php?rest_route=%2Fwp%2Fv2%2Fmedia&parent=32088"}],"wp:term":[{"taxonomy":"category","embeddable":true,"href":"https:\/\/entretormentas.com\/index.php?rest_route=%2Fwp%2Fv2%2Fcategories&post=32088"},{"taxonomy":"post_tag","embeddable":true,"href":"https:\/\/entretormentas.com\/index.php?rest_route=%2Fwp%2Fv2%2Ftags&post=32088"}],"curies":[{"name":"wp","href":"https:\/\/api.w.org\/{rel}","templated":true}]}}