{"id":32091,"date":"2026-05-02T05:45:36","date_gmt":"2026-05-02T09:45:36","guid":{"rendered":"https:\/\/entretormentas.com\/?p=32091"},"modified":"2026-05-02T05:45:36","modified_gmt":"2026-05-02T09:45:36","slug":"desde-la-an-este-sabado-publican-lista-de-preseleccionados-para-el-comite-de-evaluacion-judicial","status":"publish","type":"post","link":"https:\/\/entretormentas.com\/desde-la-an-este-sabado-publican-lista-de-preseleccionados-para-el-comite-de-evaluacion-judicial\/","title":{"rendered":"\u00a1DESDE LA AN! Este s\u00e1bado publican lista de preseleccionados para el Comit\u00e9 de Evaluaci\u00f3n Judicial"},"content":{"rendered":"\n<p><strong>ENTRE TORMENTAS. <\/strong>La Asamblea Nacional anunci\u00f3 que este s\u00e1bado, 2 de mayo, se llevar\u00e1 a cabo la publicaci\u00f3n del listado de los 41 ciudadanos preseleccionados para integrar el Comit\u00e9 de Evaluaci\u00f3n de Postulaciones Judiciales. La difusi\u00f3n se realizar\u00e1 a trav\u00e9s de dos diarios de circulaci\u00f3n nacional, cumpliendo con los mecanismos de transparencia establecidos para este proceso.<\/p>\n\n\n\n<p>El diputado Giuseppe Alessandrello, presidente de la Comisi\u00f3n Preliminar, explic\u00f3 que esta divulgaci\u00f3n busca que la ciudadan\u00eda conozca a los postulados y participe activamente en la vigilancia del proceso. Alessandrello enfatiz\u00f3 que, una vez publicada la lista, se abrir\u00e1 el periodo de impugnaciones.<\/p>\n\n\n\n<p>\u201cEn aras de la pulcritud y la transparencia, quienes decidan impugnar deben presentar de manera fehaciente los motivos por los cuales consideran que un ciudadano no cumple con el perfil para integrar este \u00f3rgano electoral\u201d, se\u00f1al\u00f3 el parlamentario.<\/p>\n\n\n\n<figure class=\"wp-block-image size-full\"><img fetchpriority=\"high\" decoding=\"async\" width=\"800\" height=\"486\" src=\"https:\/\/entretormentas.com\/wp-content\/uploads\/2026\/05\/image-28.png\" alt=\"\" class=\"wp-image-32093\" srcset=\"https:\/\/entretormentas.com\/wp-content\/uploads\/2026\/05\/image-28.png 800w, https:\/\/entretormentas.com\/wp-content\/uploads\/2026\/05\/image-28-300x182.png 300w, https:\/\/entretormentas.com\/wp-content\/uploads\/2026\/05\/image-28-768x467.png 768w\" sizes=\"(max-width: 800px) 100vw, 800px\" \/><\/figure>\n\n\n\n<p><strong>Fases y objetivos del Comit\u00e9<\/strong><br>La lista que se dar\u00e1 a conocer corresponde a los aspirantes que superaron la primera fase de revisi\u00f3n de expedientes y verificaci\u00f3n de requisitos exigidos por la Comisi\u00f3n Preliminar. Tras la publicaci\u00f3n, se establecer\u00e1n las siguientes pautas:<\/p>\n\n\n\n<ul class=\"wp-block-list\">\n<li>Periodo de observaciones: Se abrir\u00e1 un lapso de tres d\u00edas continuos para recibir impugnaciones de organizaciones o ciudadanos.<\/li>\n\n\n\n<li>Tareas del Comit\u00e9: Este \u00f3rgano tendr\u00e1 la responsabilidad de evaluar las credenciales de los aspirantes a magistrados del Tribunal Supremo de Justicia (TSJ), el Inspector General de Tribunales y el Director de la Escuela Nacional de la Magistratura.<\/li>\n<\/ul>\n\n\n\n<p>Finalmente, el Parlamento reiter\u00f3 que este procedimiento tiene como objetivo avanzar en el fortalecimiento del sistema de justicia y consolidar la confianza en las instituciones del pa\u00eds mediante una selecci\u00f3n rigurosa de sus integrantes.<br><strong><em>ET \/ Agencias<\/em><\/strong><\/p>\n","protected":false},"excerpt":{"rendered":"<p>ENTRE TORMENTAS. La Asamblea Nacional anunci\u00f3 que este s\u00e1bado, 2 de mayo, se llevar\u00e1 a&#8230;<\/p>\n","protected":false},"author":2,"featured_media":32092,"comment_status":"closed","ping_status":"open","sticky":false,"template":"","format":"standard","meta":{"footnotes":""},"categories":[56,49],"tags":[],"class_list":["post-32091","post","type-post","status-publish","format-standard","has-post-thumbnail","hentry","category-destacadas","category-nacionales"],"_links":{"self":[{"href":"https:\/\/entretormentas.com\/index.php?rest_route=\/wp\/v2\/posts\/32091","targetHints":{"allow":["GET"]}}],"collection":[{"href":"https:\/\/entretormentas.com\/index.php?rest_route=\/wp\/v2\/posts"}],"about":[{"href":"https:\/\/entretormentas.com\/index.php?rest_route=\/wp\/v2\/types\/post"}],"author":[{"embeddable":true,"href":"https:\/\/entretormentas.com\/index.php?rest_route=\/wp\/v2\/users\/2"}],"replies":[{"embeddable":true,"href":"https:\/\/entretormentas.com\/index.php?rest_route=%2Fwp%2Fv2%2Fcomments&post=32091"}],"version-history":[{"count":1,"href":"https:\/\/entretormentas.com\/index.php?rest_route=\/wp\/v2\/posts\/32091\/revisions"}],"predecessor-version":[{"id":32094,"href":"https:\/\/entretormentas.com\/index.php?rest_route=\/wp\/v2\/posts\/32091\/revisions\/32094"}],"wp:featuredmedia":[{"embeddable":true,"href":"https:\/\/entretormentas.com\/index.php?rest_route=\/wp\/v2\/media\/32092"}],"wp:attachment":[{"href":"https:\/\/entretormentas.com\/index.php?rest_route=%2Fwp%2Fv2%2Fmedia&parent=32091"}],"wp:term":[{"taxonomy":"category","embeddable":true,"href":"https:\/\/entretormentas.com\/index.php?rest_route=%2Fwp%2Fv2%2Fcategories&post=32091"},{"taxonomy":"post_tag","embeddable":true,"href":"https:\/\/entretormentas.com\/index.php?rest_route=%2Fwp%2Fv2%2Ftags&post=32091"}],"curies":[{"name":"wp","href":"https:\/\/api.w.org\/{rel}","templated":true}]}}