{"id":32111,"date":"2026-05-03T06:10:19","date_gmt":"2026-05-03T10:10:19","guid":{"rendered":"https:\/\/entretormentas.com\/?p=32111"},"modified":"2026-05-03T06:10:19","modified_gmt":"2026-05-03T10:10:19","slug":"la-gaita-en-el-mayor-sitial-alcalde-di-martino-inaugura-el-ii-festival-de-gaitas-infantil-y-juvenil-en-homenaje-a-neguito-borjas","status":"publish","type":"post","link":"https:\/\/entretormentas.com\/la-gaita-en-el-mayor-sitial-alcalde-di-martino-inaugura-el-ii-festival-de-gaitas-infantil-y-juvenil-en-homenaje-a-neguito-borjas\/","title":{"rendered":"\u00a1LA GAITA EN EL MAYOR SITIAL! Alcalde Di Martino inaugura el II Festival de Gaitas Infantil y Juvenil en homenaje a Neguito Borjas"},"content":{"rendered":"\n<p><strong><em>M\u00e1s de 200 agrupaciones y cuatro mil ni\u00f1os y j\u00f3venes participan en la segunda edici\u00f3n del Festival. Las eliminatorias parroquiales iniciaron este fin de semana en Maracaibo<\/em><\/strong><\/p>\n\n\n\n<p><strong>ENTRE TORMENTAS. <\/strong>Con el \u00edmpetu de las nuevas generaciones y un emotivo reconocimiento por los 50 a\u00f1os de trayectoria de Abd\u00e9nago \u201cNeguito\u201d Borjas, la Fundaci\u00f3n Nacional de la Gaita \u201cGaiteros de Coraz\u00f3n\u201d, dio inicio este s\u00e1bado al II Festival Infantil y Juvenil de la Gaita, un evento que congrega a m\u00e1s de cuatro mil ni\u00f1os, ni\u00f1as y adolescentes de diversos n\u00facleos musicales, que busca fortalecer la identidad cultural y el semillero de talentos en la regi\u00f3n.<\/p>\n\n\n\n<p>Junto al Instituto Municipal de la Gaita Ricardo Aguirre (IMGRA), ente adscrito a la Alcald\u00eda de Maracaibo, y la Fundaci\u00f3n para la Academia de la Gaita Ricardo Aguirre del Estado Zulia (FUNDAGRAEZ), el Palacio de los Eventos se transform\u00f3 en el epicentro del sentimiento zuliano. Durante el acto, el alcalde bolivariano Giancarlo Di Martino destac\u00f3 la importancia de honrar la vida y obra del cantautor de Cabimas.<\/p>\n\n\n\n<figure class=\"wp-block-image size-large\"><img fetchpriority=\"high\" decoding=\"async\" width=\"1024\" height=\"683\" src=\"https:\/\/entretormentas.com\/wp-content\/uploads\/2026\/05\/image-40-1024x683.png\" alt=\"\" class=\"wp-image-32113\" srcset=\"https:\/\/entretormentas.com\/wp-content\/uploads\/2026\/05\/image-40-1024x683.png 1024w, https:\/\/entretormentas.com\/wp-content\/uploads\/2026\/05\/image-40-300x200.png 300w, https:\/\/entretormentas.com\/wp-content\/uploads\/2026\/05\/image-40-768x512.png 768w, https:\/\/entretormentas.com\/wp-content\/uploads\/2026\/05\/image-40.png 1280w\" sizes=\"(max-width: 1024px) 100vw, 1024px\" \/><\/figure>\n\n\n\n<p>\u201cNeguito ha traspasado las fronteras nacionales; e impuso con ese carisma, con ese amor, con esa expresi\u00f3n tan importante, ha colocado en un sitial importante a nuestra gaita y hoy en el segundo festival de la Gaita Infantil Juvenil este homenaje a Neguito es bien merecido. Los homenajes se hacen en vida y hay que aprovechar que lo tenemos presente, bien animado, aqu\u00ed en Maracaibo. Como lo dice el mismo Neguito: \u00a1empez\u00f3 la feria!. La pr\u00f3xima semana nos encontramos en San Jacinto y Santa Rosa de Agua con mucha gaita, seguimos adelante\u201d, expres\u00f3 el mandatario local.<\/p>\n\n\n\n<p>El alcalde de Maracaibo calific\u00f3 el evento como \u201cmuy hermoso, en este Palacio de los Eventos, m\u00e1s de 4 mil ni\u00f1os, ni\u00f1as y j\u00f3venes compartiendo este homenaje y son el presente y el futuro, de aqu\u00ed saldr\u00e1n muchos \u201cNeguitos\u201d. Gracias a nuestro gobierno nacional, regional y los gobiernos municipales, a los padres y representantes de todos estos ni\u00f1os que conforman estos grupos que, con \u00e1nimo, creen en este proyecto que se extiende a lo largo de las 18 parroquias de Maracaibo; es un proyecto importante, se va consolidando y hoy s\u00e1bado lo hemos demostrado; aqu\u00ed est\u00e1 una partecita de todo el trabajo que hemos hecho y que se ha venido concretando; as\u00ed que vamos por un muy buen camino y vamos seguir apoyando la gaita, con toda la fuerza y el entusiasmo\u201d, resalt\u00f3 Di Martino.<\/p>\n\n\n\n<p><br><strong>EL PALACIO DE EVENTOS SE QUED\u00d3 PEQUE\u00d1O<\/strong><br>Por su parte, Endry M\u00e9ndez, presidente de la Fundaci\u00f3n Nacional de la Gaita \u201cGaiteros de Coraz\u00f3n\u201d, se\u00f1al\u00f3 que el recinto result\u00f3 peque\u00f1o ante la masiva asistencia. \u201cEsta es la imagen del estado y queremos seguir impuls\u00e1ndola en todo el pa\u00eds\u201d, afirm\u00f3.<\/p>\n\n\n\n<figure class=\"wp-block-image size-large\"><img decoding=\"async\" width=\"1024\" height=\"682\" src=\"https:\/\/entretormentas.com\/wp-content\/uploads\/2026\/05\/image-41-1024x682.png\" alt=\"\" class=\"wp-image-32114\" srcset=\"https:\/\/entretormentas.com\/wp-content\/uploads\/2026\/05\/image-41-1024x682.png 1024w, https:\/\/entretormentas.com\/wp-content\/uploads\/2026\/05\/image-41-300x200.png 300w, https:\/\/entretormentas.com\/wp-content\/uploads\/2026\/05\/image-41-768x512.png 768w, https:\/\/entretormentas.com\/wp-content\/uploads\/2026\/05\/image-41.png 1280w\" sizes=\"(max-width: 1024px) 100vw, 1024px\" \/><\/figure>\n\n\n\n<p>A\u00f1adi\u00f3 adem\u00e1s que desean que la gente se sienta m\u00e1s orgullosa de haber nacido la ciudad m\u00e1s hermosa del pa\u00eds. \u201cAgradezco al alcalde Giancarlo Di Martino, por todo el apoyo log\u00edstico para realizar esta actividad y a todos los equipos como Bomberos de Maracaibo, Protecci\u00f3n Civil, Seguridad Vial, Seguridad Ciudadana y a todas las personas que se sumaron para tener este resultado como lo podemos ver en las im\u00e1genes y v\u00eddeos\u00bb, manifest\u00f3 M\u00e9ndez.<\/p>\n\n\n\n<p>Jos\u00e9 Leonardo Linares, presidente de la Fundaci\u00f3n para la Academia de la Gaita Ricardo Aguirre del Estado Zulia (Fundagraez), manifest\u00f3 que el evento fue todo un \u00e9xito y que todos los presentes lo disfrutaron. \u201cEste tipo de festivales son maravillosos y tienen una gran organizaci\u00f3n. Hacerle un homenaje a Neguito Borjas, significa mucho. Es uno de los personajes m\u00e1s importantes de la gaita en la regi\u00f3n y el pa\u00eds. Es un orgullo nacional e internacional\u00bb, cont\u00f3 Linares.<\/p>\n\n\n\n<p><strong>FORMATO DE COMPETENCIA ITINERANTE<\/strong><br>M\u00e9ndez explic\u00f3 que el festival funcionar\u00e1 bajo una din\u00e1mica de eliminatorias por zonas (Norte, Sur, Este y Oeste), incluyendo agrupaciones de San Francisco, la Costa Oriental e invitados de M\u00e9rida, Falc\u00f3n y Carabobo. \u201cSon m\u00e1s de 200 escuelas participantes. Las eliminatorias en las parroquias ser\u00e1n itinerantes; se seleccionar\u00e1n 10 grupos para la semifinal y la gran final se celebrar\u00e1 en junio con 15 agrupaciones\u201d, detall\u00f3.<\/p>\n\n\n\n<figure class=\"wp-block-image size-large\"><img decoding=\"async\" width=\"1024\" height=\"683\" src=\"https:\/\/entretormentas.com\/wp-content\/uploads\/2026\/05\/image-42-1024x683.png\" alt=\"\" class=\"wp-image-32115\" srcset=\"https:\/\/entretormentas.com\/wp-content\/uploads\/2026\/05\/image-42-1024x683.png 1024w, https:\/\/entretormentas.com\/wp-content\/uploads\/2026\/05\/image-42-300x200.png 300w, https:\/\/entretormentas.com\/wp-content\/uploads\/2026\/05\/image-42-768x512.png 768w, https:\/\/entretormentas.com\/wp-content\/uploads\/2026\/05\/image-42.png 1280w\" sizes=\"(max-width: 1024px) 100vw, 1024px\" \/><\/figure>\n\n\n\n<p><strong>LA SIEMBRA DE LA GAITA<\/strong><br>Con notable emoci\u00f3n, Neguito Borjas agradeci\u00f3 el gesto de las autoridades y el cari\u00f1o del p\u00fablico. \u201cA mis 50 a\u00f1os de carrera, entiendo con esta marea de ni\u00f1os que los a\u00f1os no han pasado por pasar: han pasado para sembrar. No soy hombre de discursos, soy de versos. \u00a1Que viva la gaita zuliana!\u201d, exclam\u00f3 el homenajeado.<\/p>\n\n\n\n<p>Representantes de la generaci\u00f3n de relevo, como Ashley Arrieta y Fabi\u00e1n V\u00e1squez, coincidieron en que el festival es una plataforma vital para el crecimiento art\u00edstico y un espacio para demostrar que la gaita es el sentimiento que define al pueblo zuliano.<br><strong><em>ET \/ Prensa Alcald\u00eda de Maracaibo<\/em><\/strong><\/p>\n\n\n\n<p><\/p>\n","protected":false},"excerpt":{"rendered":"<p>M\u00e1s de 200 agrupaciones y cuatro mil ni\u00f1os y j\u00f3venes participan en la segunda edici\u00f3n&#8230;<\/p>\n","protected":false},"author":2,"featured_media":32112,"comment_status":"closed","ping_status":"open","sticky":false,"template":"","format":"standard","meta":{"footnotes":""},"categories":[56,54],"tags":[],"class_list":["post-32111","post","type-post","status-publish","format-standard","has-post-thumbnail","hentry","category-destacadas","category-espectaculos"],"_links":{"self":[{"href":"https:\/\/entretormentas.com\/index.php?rest_route=\/wp\/v2\/posts\/32111","targetHints":{"allow":["GET"]}}],"collection":[{"href":"https:\/\/entretormentas.com\/index.php?rest_route=\/wp\/v2\/posts"}],"about":[{"href":"https:\/\/entretormentas.com\/index.php?rest_route=\/wp\/v2\/types\/post"}],"author":[{"embeddable":true,"href":"https:\/\/entretormentas.com\/index.php?rest_route=\/wp\/v2\/users\/2"}],"replies":[{"embeddable":true,"href":"https:\/\/entretormentas.com\/index.php?rest_route=%2Fwp%2Fv2%2Fcomments&post=32111"}],"version-history":[{"count":1,"href":"https:\/\/entretormentas.com\/index.php?rest_route=\/wp\/v2\/posts\/32111\/revisions"}],"predecessor-version":[{"id":32116,"href":"https:\/\/entretormentas.com\/index.php?rest_route=\/wp\/v2\/posts\/32111\/revisions\/32116"}],"wp:featuredmedia":[{"embeddable":true,"href":"https:\/\/entretormentas.com\/index.php?rest_route=\/wp\/v2\/media\/32112"}],"wp:attachment":[{"href":"https:\/\/entretormentas.com\/index.php?rest_route=%2Fwp%2Fv2%2Fmedia&parent=32111"}],"wp:term":[{"taxonomy":"category","embeddable":true,"href":"https:\/\/entretormentas.com\/index.php?rest_route=%2Fwp%2Fv2%2Fcategories&post=32111"},{"taxonomy":"post_tag","embeddable":true,"href":"https:\/\/entretormentas.com\/index.php?rest_route=%2Fwp%2Fv2%2Ftags&post=32111"}],"curies":[{"name":"wp","href":"https:\/\/api.w.org\/{rel}","templated":true}]}}